{"id":148956,"date":"2025-05-30T10:04:17","date_gmt":"2025-05-30T13:04:17","guid":{"rendered":"https:\/\/vinasfm.com\/noticias\/?p=148956"},"modified":"2025-06-02T08:40:02","modified_gmt":"2025-06-02T11:40:02","slug":"se-oficializo-el-convenio-entre-el-gobierno-y-vialidad-para-intervenir-las-rutas-nacionales-en-mendoza","status":"publish","type":"post","link":"https:\/\/vinasfm.com\/noticias\/se-oficializo-el-convenio-entre-el-gobierno-y-vialidad-para-intervenir-las-rutas-nacionales-en-mendoza\/","title":{"rendered":"SE OFICIALIZ\u00d3 EL CONVENIO ENTRE EL GOBIERNO Y VIALIDAD PARA INTERVENIR LAS RUTAS NACIONALES EN MENDOZA"},"content":{"rendered":"<p><strong><span style=\"color: #003300;\">La provincia asumi\u00f3 la responsabilidad de ejecutar obras en tramos puntuales, con la posibilidad de que haya una recuperaci\u00f3n a trav\u00e9s de los peajes.<\/span><\/strong><\/p>\n<p>El Gobierno de\u00a0<strong>Mendoza\u00a0<\/strong>oficializ\u00f3 este viernes, a trav\u00e9s de un\u00a0<strong>decreto\u00a0<\/strong>publicado en el Bolet\u00edn Oficial, la aprobaci\u00f3n de un importante convenio firmado con la Direcci\u00f3n Nacional de Vialidad para la ejecuci\u00f3n de\u00a0<strong>obras<\/strong>, conservaci\u00f3n y mantenimiento de diversos tramos de rutas nacionales que atraviesan la provincia. El decreto se convirti\u00f3 en realidad tras un dictamen favorable de Fiscal\u00eda de Estado.<\/p>\n<p>El acuerdo fue suscripto el pasado 14 de mayo por el gobernador de Mendoza,\u00a0<strong>Alfredo Cornej<\/strong>o, y el administrador general de Vialidad Nacional, Marcelo Campoy. A trav\u00e9s de este convenio, el organismo nacional cede a la provincia la responsabilidad de ejecutar y mantener varios tramos viales estrat\u00e9gicos,\u00a0<strong>totalizando m\u00e1s de 210 kil\u00f3metros.<\/strong><\/p>\n<ul class=\"wp-block-list\">\n<li><strong>Ruta Nacional N\u00ba 7<\/strong>: Desde Palmira hasta el Nudo Vial (Av. Costanera), con una extensi\u00f3n de 28,9 km.<\/li>\n<li><strong>Ruta Nacional N\u00ba 40<\/strong>: Desde calle Azcu\u00e9naga (Acceso Sur) hasta el empalme con RN7 (Acceso Este), abarcando 16,2 km.<\/li>\n<li><strong>Ruta Nacional N\u00ba 40<\/strong>: Desde el empalme con RN N\u00ba 7 hasta el cruce con el ferrocarril Gral. San Mart\u00edn, con 7 km.<\/li>\n<li><strong>Ruta Nacional N\u00ba 40<\/strong>: Desde el empalme con RN N\u00ba 7 hasta la Ruta Provincial N\u00ba 96 (Calle El \u00c1lamo), totalizando 50,8 km.<\/li>\n<li><strong>Ruta Nacional N\u00ba 143<\/strong>: Desde Pareditas hasta San Rafael, en un tramo de 109 km.<\/li>\n<\/ul>\n<p>La Provincia asumir\u00e1 las tareas mediante administraci\u00f3n directa o a trav\u00e9s de los sistemas de contrataci\u00f3n y certificaci\u00f3n m\u00e1s convenientes, seg\u00fan la legislaci\u00f3n vigente. Asimismo, financiar\u00e1 completamente las\u00a0<strong>obras\u00a0<\/strong>sin reembolso por parte del Estado Nacional.<\/p>\n<p>Adem\u00e1s, el acuerdo contempla la posibilidad de que\u00a0<strong>Mendoza\u00a0<\/strong>gestione ante el Poder Ejecutivo Nacional la implementaci\u00f3n de un sistema de concesi\u00f3n con\u00a0<strong>peaje\u00a0<\/strong>sobre los tramos intervenidos.<\/p>\n<p>Seg\u00fan lo establecido, todas las\u00a0<strong>obras\u00a0<\/strong>deber\u00e1n cumplir con las especificaciones t\u00e9cnicas de Vialidad Nacional y, en los casos que corresponda, se realizar\u00e1n estudios de impacto ambiental conforme a las normativas nacionales y provinciales.<\/p>\n<p>El convenio tendr\u00e1 una vigencia inicial de 36 meses desde su aprobaci\u00f3n formal, con posibilidad de extenderse seg\u00fan la naturaleza y complejidad de los trabajos.<\/p>\n<p>Este acuerdo representa un paso clave en la mejora de la infraestructura vial mendocina y apunta a optimizar la conectividad y seguridad en rutas de alta circulaci\u00f3n.<\/p>\n<p>&nbsp;<\/p>\n","protected":false},"excerpt":{"rendered":"<p>La provincia asumi\u00f3 la responsabilidad de ejecutar obras en tramos puntuales, con la posibilidad de que haya una recuperaci\u00f3n a trav\u00e9s &#8230;<\/p>\n","protected":false},"author":7,"featured_media":148957,"comment_status":"open","ping_status":"open","sticky":false,"template":"","format":"standard","meta":{"footnotes":""},"categories":[77,79],"tags":[],"class_list":["post-148956","post","type-post","status-publish","format-standard","has-post-thumbnail","hentry","category-gobierno","category-vialidad"],"_links":{"self":[{"href":"https:\/\/vinasfm.com\/noticias\/wp-json\/wp\/v2\/posts\/148956","targetHints":{"allow":["GET"]}}],"collection":[{"href":"https:\/\/vinasfm.com\/noticias\/wp-json\/wp\/v2\/posts"}],"about":[{"href":"https:\/\/vinasfm.com\/noticias\/wp-json\/wp\/v2\/types\/post"}],"author":[{"embeddable":true,"href":"https:\/\/vinasfm.com\/noticias\/wp-json\/wp\/v2\/users\/7"}],"replies":[{"embeddable":true,"href":"https:\/\/vinasfm.com\/noticias\/wp-json\/wp\/v2\/comments?post=148956"}],"version-history":[{"count":1,"href":"https:\/\/vinasfm.com\/noticias\/wp-json\/wp\/v2\/posts\/148956\/revisions"}],"predecessor-version":[{"id":148958,"href":"https:\/\/vinasfm.com\/noticias\/wp-json\/wp\/v2\/posts\/148956\/revisions\/148958"}],"wp:featuredmedia":[{"embeddable":true,"href":"https:\/\/vinasfm.com\/noticias\/wp-json\/wp\/v2\/media\/148957"}],"wp:attachment":[{"href":"https:\/\/vinasfm.com\/noticias\/wp-json\/wp\/v2\/media?parent=148956"}],"wp:term":[{"taxonomy":"category","embeddable":true,"href":"https:\/\/vinasfm.com\/noticias\/wp-json\/wp\/v2\/categories?post=148956"},{"taxonomy":"post_tag","embeddable":true,"href":"https:\/\/vinasfm.com\/noticias\/wp-json\/wp\/v2\/tags?post=148956"}],"curies":[{"name":"wp","href":"https:\/\/api.w.org\/{rel}","templated":true}]}}