{"id":148952,"date":"2025-05-30T09:59:36","date_gmt":"2025-05-30T12:59:36","guid":{"rendered":"https:\/\/vinasfm.com\/noticias\/?p=148952"},"modified":"2025-06-02T08:41:27","modified_gmt":"2025-06-02T11:41:27","slug":"cierre-de-las-jornadas-de-prevencion-de-adicciones-en-la-escuela-constancio-c-vigil","status":"publish","type":"post","link":"https:\/\/vinasfm.com\/noticias\/cierre-de-las-jornadas-de-prevencion-de-adicciones-en-la-escuela-constancio-c-vigil\/","title":{"rendered":"CIERRE DE LAS JORNADAS DE PREVENCI\u00d3N DE ADICCIONES EN LA ESCUELA CONSTANCIO C. VIGIL"},"content":{"rendered":"<p><span style=\"color: #003300;\"><strong>Durante la ma\u00f1ana del jueves, se llev\u00f3 a cabo el cierre de las Jornadas de Prevenci\u00f3n de Adicciones en la Escuela Constancio C. Vigil, una iniciativa impulsada por la Direcci\u00f3n de Familias con el objetivo de promover h\u00e1bitos saludables y fortalecer herramientas para la toma de decisiones en ni\u00f1os y ni\u00f1as en edad escolar.<\/strong><\/span><\/p>\n<p>La actividad estuvo destinada a estudiantes de sexto y s\u00e9ptimo grado y forma parte de un programa que se desarroll\u00f3 a lo largo del a\u00f1o en distintas instituciones educativas. A trav\u00e9s de encuentros, se trabajaron contenidos vinculados a la prevenci\u00f3n, el autocuidado y la construcci\u00f3n de espacios de confianza entre pares, escuela y familia.<\/p>\n<p><span style=\"color: #003366;\"><strong>Gabriela Arzel\u00e1n<\/strong><\/span>, <em>directora de Familias<\/em>, destac\u00f3 la importancia de abordar estas tem\u00e1ticas: <em><strong>\u201ces una problem\u00e1tica que por m\u00e1s de que queramos muchas veces no hablarla, est\u00e1 instalada en nuestra sociedad y sobre todo lo que m\u00e1s se ve este tiempo es que de edades m\u00e1s tempranas\u201d.<\/strong><\/em><\/p>\n<p>Desde la instituci\u00f3n educativa, la<em> vicedirectora<\/em> <span style=\"color: #003366;\"><strong>Mar\u00eda Alejandra Neyroud<\/strong><\/span> valor\u00f3 su impacto positivo: <em><strong>\u201cestas jornadas vienen muy bien para los estudiantes, para los docentes y los directivos, porque vemos muchas cositas escondidas en los peque\u00f1os y adem\u00e1s esto es multiplicador porque ellos llevan el mensaje a sus casas\u201d.<\/strong><\/em><\/p>\n<p>La propuesta fue desarrollada por el equipo de Adicciones de la Direcci\u00f3n de Familias, y busc\u00f3 no solo sensibilizar, sino tambi\u00e9n brindar herramientas concretas para el acompa\u00f1amiento familiar y educativo de ni\u00f1os y ni\u00f1as en una etapa clave de su desarrollo.<\/p>\n<p>Con este cierre, se reafirma el compromiso con la prevenci\u00f3n, la educaci\u00f3n y el bienestar integral de las infancias.<\/p>\n","protected":false},"excerpt":{"rendered":"<p>Durante la ma\u00f1ana del jueves, se llev\u00f3 a cabo el cierre de las Jornadas de Prevenci\u00f3n de Adicciones en la Escuela &#8230;<\/p>\n","protected":false},"author":7,"featured_media":148953,"comment_status":"open","ping_status":"open","sticky":false,"template":"","format":"standard","meta":{"footnotes":""},"categories":[18,11],"tags":[],"class_list":["post-148952","post","type-post","status-publish","format-standard","has-post-thumbnail","hentry","category-educacion","category-sociales"],"_links":{"self":[{"href":"https:\/\/vinasfm.com\/noticias\/wp-json\/wp\/v2\/posts\/148952","targetHints":{"allow":["GET"]}}],"collection":[{"href":"https:\/\/vinasfm.com\/noticias\/wp-json\/wp\/v2\/posts"}],"about":[{"href":"https:\/\/vinasfm.com\/noticias\/wp-json\/wp\/v2\/types\/post"}],"author":[{"embeddable":true,"href":"https:\/\/vinasfm.com\/noticias\/wp-json\/wp\/v2\/users\/7"}],"replies":[{"embeddable":true,"href":"https:\/\/vinasfm.com\/noticias\/wp-json\/wp\/v2\/comments?post=148952"}],"version-history":[{"count":1,"href":"https:\/\/vinasfm.com\/noticias\/wp-json\/wp\/v2\/posts\/148952\/revisions"}],"predecessor-version":[{"id":148954,"href":"https:\/\/vinasfm.com\/noticias\/wp-json\/wp\/v2\/posts\/148952\/revisions\/148954"}],"wp:featuredmedia":[{"embeddable":true,"href":"https:\/\/vinasfm.com\/noticias\/wp-json\/wp\/v2\/media\/148953"}],"wp:attachment":[{"href":"https:\/\/vinasfm.com\/noticias\/wp-json\/wp\/v2\/media?parent=148952"}],"wp:term":[{"taxonomy":"category","embeddable":true,"href":"https:\/\/vinasfm.com\/noticias\/wp-json\/wp\/v2\/categories?post=148952"},{"taxonomy":"post_tag","embeddable":true,"href":"https:\/\/vinasfm.com\/noticias\/wp-json\/wp\/v2\/tags?post=148952"}],"curies":[{"name":"wp","href":"https:\/\/api.w.org\/{rel}","templated":true}]}}