{"id":148947,"date":"2025-05-30T09:45:45","date_gmt":"2025-05-30T12:45:45","guid":{"rendered":"https:\/\/vinasfm.com\/noticias\/?p=148947"},"modified":"2025-06-02T08:41:57","modified_gmt":"2025-06-02T11:41:57","slug":"preocupacion-y-esperanza-apid-reclama-una-ley-de-emergencia-para-las-personas-con-discapacidad","status":"publish","type":"post","link":"https:\/\/vinasfm.com\/noticias\/preocupacion-y-esperanza-apid-reclama-una-ley-de-emergencia-para-las-personas-con-discapacidad\/","title":{"rendered":"PREOCUPACI\u00d3N Y ESPERANZA: APID RECLAMA UNA LEY DE EMERGENCIA PARA LAS PERSONAS CON DISCAPACIDAD"},"content":{"rendered":"<h4 data-start=\"101\" data-end=\"624\"><strong><span style=\"color: #003300;\">En di\u00e1logo con FM VI\u00d1A, Alba Nicolau, <em>presidenta de la Asociaci\u00f3n de Protecci\u00f3n Integral a las Personas con Discapacidad (APID)<\/em>, expres\u00f3 la profunda preocupaci\u00f3n del sector frente a la cr\u00edtica situaci\u00f3n econ\u00f3mica e institucional que enfrentan las organizaciones que trabajan con personas con discapacidad. Durante su intervenci\u00f3n, Nicolau se mostr\u00f3 esperanzada tras haber entregado una nota formal al Concejo Deliberante en la \u00faltima Sesi\u00f3n Ordinaria donde se abord\u00f3 la problem\u00e1tica.<\/span><\/strong><\/h4>\n<p data-start=\"626\" data-end=\"956\"><em><strong>\u201cNos hemos ido muy esperanzados\u201d<\/strong><\/em>, afirm\u00f3 Nicolau, quien detall\u00f3 que junto a un grupo de padres se hicieron presentes para explicar la gravedad de la situaci\u00f3n y solicitar el tratamiento urgente de la ley de emergencia.<em><strong> \u201cCada vez es m\u00e1s imposible sostener las instituciones. Esta ley es fundamental para poder sobrevivir\u201d<\/strong><\/em>, subray\u00f3.<\/p>\n<p data-start=\"958\" data-end=\"1236\">La dirigente explic\u00f3 que los problemas que enfrentan no son nuevos: <em><strong>\u201cEsto no es de este gobierno ni del anterior, es de hace muchos a\u00f1os. Falta conciencia de que las personas con discapacidad son ciudadanos con derechos y capacidades que deben ser apoyadas desde el nacimiento\u201d.<\/strong><\/em><\/p>\n<p data-start=\"1238\" data-end=\"1626\">APID, que lleva m\u00e1s de 40 a\u00f1os trabajando en el departamento, enfrenta actualmente serias dificultades financieras debido a la falta de actualizaci\u00f3n del nomenclador nacional desde noviembre de 2024, lo que afecta directamente los aranceles de los centros de d\u00eda y del transporte.<em><strong> \u201cNos pagan el kil\u00f3metro a $541,76, cuando el precio del combustible es m\u00e1s del doble\u201d<\/strong><\/em>, ejemplific\u00f3 Nicolau.<\/p>\n<p data-start=\"1628\" data-end=\"2016\">La situaci\u00f3n tambi\u00e9n impacta en los sueldos del personal profesional y auxiliar, que dependen de lo que las mutuales abonan \u2014en muchos casos, con meses de retraso\u2014 y de lo que las instituciones pueden pagar. <strong><em>\u201cTenemos profesionales de lujo que siguen trabajando por respeto a las personas con discapacidad, pero muchos se han ido porque no pueden seguir luchando por su sustento\u201d<\/em><\/strong>, lament\u00f3.<\/p>\n<p data-start=\"2018\" data-end=\"2375\">Nicolau destac\u00f3 que la prestaci\u00f3n por persona es abonada por las mutuales, adem\u00e1s de contar con un subsidio municipal anual y el aporte de socios con una cuota m\u00ednima mensual. Aun as\u00ed, los recursos no alcanzan para cubrir los gastos que implica mantener el edificio, los servicios y todas las habilitaciones exigidas por los distintos organismos de control.<\/p>\n<p data-start=\"2377\" data-end=\"2659\">En este contexto, la presidenta de APID subray\u00f3 la urgencia de que se trate y apruebe la ley de emergencia que ingresar\u00e1 al Senado provincial el pr\u00f3ximo 4 de junio.<strong><em> \u201cTodas las instituciones de Mendoza est\u00e1n en la misma situaci\u00f3n. Y es algo que se replica en todo el pa\u00eds\u201d<\/em><\/strong>, advirti\u00f3.<\/p>\n<p data-start=\"2661\" data-end=\"2972\">Por \u00faltimo, Nicolau llam\u00f3 a la comunidad a colaborar haci\u00e9ndose socios o generando espacios de inclusi\u00f3n real. <strong><em>\u201cNo queremos asistencialismo. Queremos que nuestros j\u00f3venes puedan ir a un caf\u00e9, al cine, a bailar, pagar su entrada y vivir su vida con dignidad. Son personas capaces de aportar mucho a la sociedad\u201d.<\/em><\/strong><\/p>\n<p data-start=\"2974\" data-end=\"3215\">La asociaci\u00f3n espera que el compromiso pol\u00edtico y el acompa\u00f1amiento social permitan superar este momento cr\u00edtico. <strong><em>\u201cHoy nos sentimos escuchados y acompa\u00f1ados. Esperamos que esta ayuda contin\u00fae y se traduzca en soluciones concretas\u201d<\/em><\/strong>, concluy\u00f3.<\/p>\n","protected":false},"excerpt":{"rendered":"<p>En di\u00e1logo con FM VI\u00d1A, Alba Nicolau, presidenta de la Asociaci\u00f3n de Protecci\u00f3n Integral a las Personas con Discapacidad (APID), expres\u00f3 &#8230;<\/p>\n","protected":false},"author":7,"featured_media":148948,"comment_status":"open","ping_status":"open","sticky":false,"template":"","format":"standard","meta":{"footnotes":""},"categories":[10,11],"tags":[],"class_list":["post-148947","post","type-post","status-publish","format-standard","has-post-thumbnail","hentry","category-destacadas","category-sociales"],"_links":{"self":[{"href":"https:\/\/vinasfm.com\/noticias\/wp-json\/wp\/v2\/posts\/148947","targetHints":{"allow":["GET"]}}],"collection":[{"href":"https:\/\/vinasfm.com\/noticias\/wp-json\/wp\/v2\/posts"}],"about":[{"href":"https:\/\/vinasfm.com\/noticias\/wp-json\/wp\/v2\/types\/post"}],"author":[{"embeddable":true,"href":"https:\/\/vinasfm.com\/noticias\/wp-json\/wp\/v2\/users\/7"}],"replies":[{"embeddable":true,"href":"https:\/\/vinasfm.com\/noticias\/wp-json\/wp\/v2\/comments?post=148947"}],"version-history":[{"count":1,"href":"https:\/\/vinasfm.com\/noticias\/wp-json\/wp\/v2\/posts\/148947\/revisions"}],"predecessor-version":[{"id":148949,"href":"https:\/\/vinasfm.com\/noticias\/wp-json\/wp\/v2\/posts\/148947\/revisions\/148949"}],"wp:featuredmedia":[{"embeddable":true,"href":"https:\/\/vinasfm.com\/noticias\/wp-json\/wp\/v2\/media\/148948"}],"wp:attachment":[{"href":"https:\/\/vinasfm.com\/noticias\/wp-json\/wp\/v2\/media?parent=148947"}],"wp:term":[{"taxonomy":"category","embeddable":true,"href":"https:\/\/vinasfm.com\/noticias\/wp-json\/wp\/v2\/categories?post=148947"},{"taxonomy":"post_tag","embeddable":true,"href":"https:\/\/vinasfm.com\/noticias\/wp-json\/wp\/v2\/tags?post=148947"}],"curies":[{"name":"wp","href":"https:\/\/api.w.org\/{rel}","templated":true}]}}