{"id":148920,"date":"2025-05-29T19:52:54","date_gmt":"2025-05-29T22:52:54","guid":{"rendered":"https:\/\/vinasfm.com\/noticias\/?p=148920"},"modified":"2025-05-30T10:26:45","modified_gmt":"2025-05-30T13:26:45","slug":"cinco-instituciones-alvearenses-recuperan-su-personeria-juridica-y-contable-tras-anos-de-inactividad","status":"publish","type":"post","link":"https:\/\/vinasfm.com\/noticias\/cinco-instituciones-alvearenses-recuperan-su-personeria-juridica-y-contable-tras-anos-de-inactividad\/","title":{"rendered":"CINCO INSTITUCIONES ALVEARENSES RECUPERAN SU PERSONER\u00cdA JUR\u00cdDICA Y CONTABLE"},"content":{"rendered":"<p data-start=\"106\" data-end=\"494\"><span style=\"color: #003300;\"><strong>En un emotivo y significativo acto, la Municipalidad de General Alvear oficializ\u00f3 la reactivaci\u00f3n jur\u00eddica y contable de cinco asociaciones civiles sin fines de lucro del departamento. Se trata de entidades que, tras a\u00f1os de inactividad administrativa, vuelven a estar plenamente regularizadas y habilitadas para desarrollar sus actividades con respaldo legal.<\/strong><\/span><\/p>\n<p data-start=\"496\" data-end=\"1006\">La encargada de anunciar esta importante novedad fue <span style=\"color: #003366;\"><strong>Natalia Castillo<\/strong><\/span>, <em>responsable de la Oficina de Personer\u00eda Jur\u00eddica<\/em>, quien destac\u00f3 el trabajo coordinado y comprometido del municipio para lograr esta regularizaci\u00f3n. <strong><em>\u201cDespu\u00e9s de un arduo trabajo de la municipalidad, con todas las herramientas puestas a disposici\u00f3n a trav\u00e9s de la Oficina de Personas Jur\u00eddicas y el equipo de contadoras del municipio, hoy podemos decir que estas cinco instituciones est\u00e1n al d\u00eda, tanto jur\u00eddica como contablemente\u201d,<\/em><\/strong> expres\u00f3.<\/p>\n<p data-start=\"1008\" data-end=\"1272\">Las entidades que recuperaron su estatus legal son el <strong data-start=\"1062\" data-end=\"1090\">Club Boca La Escandinava<\/strong>, la <strong data-start=\"1095\" data-end=\"1124\">Uni\u00f3n Vecinal Santa Elena<\/strong>, la <strong data-start=\"1129\" data-end=\"1160\">Uni\u00f3n Vecinal La Santa Cruz<\/strong>, la <strong data-start=\"1165\" data-end=\"1197\">Uni\u00f3n Vecinal Costa del Atuel<\/strong> y la <strong data-start=\"1203\" data-end=\"1225\">Asociaci\u00f3n Redimir<\/strong>, una iglesia evang\u00e9lica del distrito de Bowen.<\/p>\n<p data-start=\"1274\" data-end=\"1551\">Castillo remarc\u00f3 la relevancia social de estas organizaciones en sus comunidades:<strong><em> \u201cEstar regularizadas les permite acceder a beneficios y subsidios que antes no pod\u00edan obtener. Cumplen funciones sociales clave en el territorio, por eso el Estado debe acompa\u00f1arlas y apoyarlas\u201d.<\/em><\/strong><\/p>\n<p data-start=\"1553\" data-end=\"1887\">Por su parte, <span style=\"color: #003366;\"><strong data-start=\"1567\" data-end=\"1583\">Oscar Moreno<\/strong><\/span>, <em>representante de la Uni\u00f3n Vecinal Santa Elena<\/em>, comparti\u00f3 el significado del logro para su instituci\u00f3n:<em><strong> \u201cNuestra instituci\u00f3n es vieja, pero ten\u00eda problemas de papeles. Hoy, gracias al acompa\u00f1amiento de la municipalidad, pudimos dejar todo en condiciones. Antes, sin los papeles, no pod\u00edamos hacer nada\u201d.<\/strong><\/em><\/p>\n<p data-start=\"1889\" data-end=\"2251\">Tambi\u00e9n <span style=\"color: #003366;\"><strong data-start=\"1897\" data-end=\"1913\">Silvio Sabio<\/strong><\/span>, del Club Boca La Escandinava, agradeci\u00f3 el respaldo del municipio:<em><strong> \u201cHace m\u00e1s de diez a\u00f1os que ven\u00edamos peleando con los papeles. Este a\u00f1o, gracias a Dios y al esfuerzo del equipo de Personer\u00eda Jur\u00eddica, pudimos lograrlo. Ahora se nos facilita todo para trabajar mejor, acceder a subsidios y concretar proyectos que ten\u00edamos pendientes\u201d.<\/strong><\/em><\/p>\n<p data-start=\"2253\" data-end=\"2581\">El acto fue encabezado por el intendente municipal, quien entreg\u00f3 a cada instituci\u00f3n la resoluci\u00f3n oficial que certifica su regularizaci\u00f3n. Con este paso, las entidades podr\u00e1n no solo volver a participar activamente en la vida comunitaria, sino tambi\u00e9n proyectar obras, mejoras y acciones que beneficien a sus vecinos y vecinas.<\/p>\n<p data-start=\"2583\" data-end=\"2809\" data-is-last-node=\"\" data-is-only-node=\"\">Esta iniciativa demuestra el compromiso del municipio con el fortalecimiento del tejido social del departamento, apoyando a instituciones que son pilar fundamental del desarrollo comunitario en cada distrito de General Alvear.<\/p>\n","protected":false},"excerpt":{"rendered":"<p>En un emotivo y significativo acto, la Municipalidad de General Alvear oficializ\u00f3 la reactivaci\u00f3n jur\u00eddica y contable de cinco asociaciones civiles &#8230;<\/p>\n","protected":false},"author":7,"featured_media":148921,"comment_status":"open","ping_status":"open","sticky":false,"template":"","format":"standard","meta":{"footnotes":""},"categories":[78,11],"tags":[],"class_list":["post-148920","post","type-post","status-publish","format-standard","has-post-thumbnail","hentry","category-municipalidad","category-sociales"],"_links":{"self":[{"href":"https:\/\/vinasfm.com\/noticias\/wp-json\/wp\/v2\/posts\/148920","targetHints":{"allow":["GET"]}}],"collection":[{"href":"https:\/\/vinasfm.com\/noticias\/wp-json\/wp\/v2\/posts"}],"about":[{"href":"https:\/\/vinasfm.com\/noticias\/wp-json\/wp\/v2\/types\/post"}],"author":[{"embeddable":true,"href":"https:\/\/vinasfm.com\/noticias\/wp-json\/wp\/v2\/users\/7"}],"replies":[{"embeddable":true,"href":"https:\/\/vinasfm.com\/noticias\/wp-json\/wp\/v2\/comments?post=148920"}],"version-history":[{"count":2,"href":"https:\/\/vinasfm.com\/noticias\/wp-json\/wp\/v2\/posts\/148920\/revisions"}],"predecessor-version":[{"id":148924,"href":"https:\/\/vinasfm.com\/noticias\/wp-json\/wp\/v2\/posts\/148920\/revisions\/148924"}],"wp:featuredmedia":[{"embeddable":true,"href":"https:\/\/vinasfm.com\/noticias\/wp-json\/wp\/v2\/media\/148921"}],"wp:attachment":[{"href":"https:\/\/vinasfm.com\/noticias\/wp-json\/wp\/v2\/media?parent=148920"}],"wp:term":[{"taxonomy":"category","embeddable":true,"href":"https:\/\/vinasfm.com\/noticias\/wp-json\/wp\/v2\/categories?post=148920"},{"taxonomy":"post_tag","embeddable":true,"href":"https:\/\/vinasfm.com\/noticias\/wp-json\/wp\/v2\/tags?post=148920"}],"curies":[{"name":"wp","href":"https:\/\/api.w.org\/{rel}","templated":true}]}}