{"id":148917,"date":"2025-05-29T18:38:16","date_gmt":"2025-05-29T21:38:16","guid":{"rendered":"https:\/\/vinasfm.com\/noticias\/?p=148917"},"modified":"2025-05-30T10:27:06","modified_gmt":"2025-05-30T13:27:06","slug":"avanzan-los-caminos-productivos-en-malargue-ya-se-ha-reparado-el-30-de-las-rutas-planificadas","status":"publish","type":"post","link":"https:\/\/vinasfm.com\/noticias\/avanzan-los-caminos-productivos-en-malargue-ya-se-ha-reparado-el-30-de-las-rutas-planificadas\/","title":{"rendered":"AVANZAN LOS CAMINOS PRODUCTIVOS EN MALARG\u00dcE: YA SE HA REPARADO EL 30% DE LAS RUTAS PLANIFICADAS"},"content":{"rendered":"<h4><strong><span style=\"color: #003300;\">El Gobierno de Mendoza, junto a Impulsa Mendoza y la Direcci\u00f3n Provincial de Vialidad (DPV), contin\u00faa ejecutando con \u00e9xito el Plan de Caminos Productivos para el departamento de Malarg\u00fce. Es una iniciativa de infraestructura vial que contempla un total de 460 kil\u00f3metros: 380 km destinados al mantenimiento de rutas existentes y m\u00e1s de 80 km de nuevas trazas.<\/span><\/strong><\/h4>\n<p>A la fecha, ya se ha completado la reparaci\u00f3n de 115 kil\u00f3metros, lo que representa m\u00e1s del 30% del total de caminos a reacondicionar.<\/p>\n<p><em><strong>\u201cEl Gobierno provincial viene avanzando significativamente en el plan de reparaci\u00f3n de caminos productivos que beneficiar\u00e1n a los sectores ganadero, tur\u00edstico, petrolero y minero, adem\u00e1s de facilitar los accesos a dos escuelas de las zonas y centros de salud\u201d<\/strong><\/em>, destac\u00f3 la <em>ministra de Energ\u00eda y Ambiente<\/em>, <span style=\"color: #003366;\"><strong>Jimena Latorre<\/strong><\/span>.<\/p>\n<p><strong><em>\u201cA pesar de que el plazo de ejecuci\u00f3n es de tres a\u00f1os, el avance de m\u00e1s del 30% en la reparaci\u00f3n de los caminos en tan solo tres meses demuestra el compromiso de este Gobierno con el desarrollo del departamento, no tan solo con proyectos puntuales sino con planes integrales que benefician a los distintos sectores productivos de Malarg\u00fce\u201d<\/em><\/strong>, agreg\u00f3 Latorre.<\/p>\n<p>Entre los hitos alcanzados se destaca la finalizaci\u00f3n de la reparaci\u00f3n del camino El Carqueque, obra clave que conecta zonas rurales productivas con la Ruta Provincial 226, en el departamento de Malarg\u00fce.<\/p>\n<p>Este tramo, de 82,8 kil\u00f3metros, mejora significativamente la accesibilidad desde el interior profundo de la cordillera hacia la red vial provincial, facilitando el tr\u00e1nsito de productores, maquinaria, ganado y servicios.<\/p>\n<p>El camino El Carqueque atraviesa una regi\u00f3n de alto valor estrat\u00e9gico para la ganader\u00eda, con numerosos puestos rurales, y para el desarrollo minero y petrolero, ya que permite acercar insumos y servicios log\u00edsticos a proyectos en etapa de exploraci\u00f3n y operaci\u00f3n. Adem\u00e1s, esta nueva conexi\u00f3n agiliza el acceso a establecimientos educativos rurales y mejora las condiciones de vida de las comunidades dispersas de la zona.<\/p>\n<p>La obra representa un avance concreto en la integraci\u00f3n territorial de Malarg\u00fce y es parte del compromiso provincial por dotar de infraestructura vial a las zonas m\u00e1s alejadas y productivas del sur mendocino.<\/p>\n<p>Adem\u00e1s, ya comenz\u00f3 el reacondicionamiento del camino Potimalal, un tramo estrat\u00e9gico de 84 kil\u00f3metros que unir\u00e1 la Ruta Provincial 226 con la Ruta Provincial 221, en el departamento de Malarg\u00fce.<\/p>\n<p>Esta nueva traza es clave para consolidar la conectividad entre corredores productivos del Sur mendocino, mejorando no solo la circulaci\u00f3n interna entre rutas provinciales sino tambi\u00e9n el acceso a zonas cordilleranas de dif\u00edcil tr\u00e1nsito.<\/p>\n<p>El camino Potimalal permitir\u00e1 una vinculaci\u00f3n directa con \u00e1reas de fuerte actividad ganadera y minera, as\u00ed como con zonas donde operan empresas petroleras y existen puestos rurales habitados que, hasta hoy, dependen de caminos precarios o de dif\u00edcil mantenimiento. Tambi\u00e9n facilitar\u00e1 la movilidad educativa y sanitaria para familias que viven en el territorio m\u00e1s aislado de la provincia.<\/p>\n<p><img loading=\"lazy\" decoding=\"async\" class=\"aligncenter\" src=\"https:\/\/www.mendoza.gov.ar\/wp-content\/uploads\/sites\/5\/2025\/05\/Rutas-Malargue-01-700x875.png\" width=\"608\" height=\"760\" \/><\/p>\n<h2><strong>Un plan integral para el desarrollo territorial<\/strong><\/h2>\n<p>El plan, anunciado en febrero de este a\u00f1o, contempla los siguientes tramos:<\/p>\n<p>A reparar:<\/p>\n<p>\u2022 RP 222 a Paso de las Damas \u2013 46,5 km<br \/>\n\u2022 Las Le\u00f1as a Caj\u00f3n de los Oscuros \u2013 40 km<br \/>\n\u2022 Camino El Carqueque (Malarg\u00fce a RP 226) \u2013 82,8 km<br \/>\n\u2022 Camino Potimalal (RP 226 a RP 221) \u2013 84,0 km<br \/>\n\u2022 RP 221 \u2013 78,0 km<br \/>\n\u2022 Caj\u00f3n de los Oscuros a RP 226 \u2013 29 km<\/p>\n<p>Nuevas trazas:<br \/>\n\u2022 RP 221 a Calmuco \u2013 51,0 km<br \/>\n\u2022 RP 226 a El Seguro \u2013 29 km<\/p>\n<p><strong>Beneficios para sectores estrat\u00e9gicos<\/strong><\/p>\n<p>Estas obras mejoran la conectividad y la infraestructura en zonas clave de Mendoza, impactando positivamente en m\u00faltiples sectores:<\/p>\n<p>\u2022 Ganader\u00eda: facilita los caminos de trashumancia y el acceso a zonas de veranada.<br \/>\n\u2022 Productores y puesteros: mejora la accesibilidad a puestos ganaderos bovinos y caprinos.<br \/>\n\u2022 Miner\u00eda: optimiza el ingreso a zonas con exploraciones aprobadas, promoviendo la actividad.<br \/>\n\u2022 Turismo: favorece el desarrollo de actividades recreativas en la regi\u00f3n.<br \/>\n\u2022 Educaci\u00f3n y salud: agiliza el acceso a escuelas rurales y centros sanitarios.<br \/>\n\u2022 Petr\u00f3leo: refuerza la log\u00edstica y conectividad para ocho operadores activos en la zona.<\/p>\n<p>En total, se ver\u00e1n beneficiadas 142 explotaciones ganaderas, dos instituciones educativas, 137 puestos habitados, el turismo de la zona, proyectos mineros y 8 operadores petroleros.<\/p>\n<p><strong>Compromiso y ejecuci\u00f3n<\/strong><\/p>\n<p>El proyecto fue planificado en enero de 2025, con un plazo de ejecuci\u00f3n de tres a\u00f1os. Los primeros trabajos comenzaron a mediados de febrero y actualmente avanzan en dos frentes de obra coordinados por equipos de Impulsa Mendoza y de la Direcci\u00f3n Provincial de Vialidad.<\/p>\n<p>El mantenimiento de los equipos y el suministro de combustible est\u00e1 a cargo de Impulsa Mendoza, reafirmando su compromiso con la inversi\u00f3n p\u00fablica en infraestructura para el desarrollo productivo del Sur mendocino. La maquinaria y el personal a cargo de las tareas lo aporta la Direcci\u00f3n Provincial de Vialidad.<\/p>\n","protected":false},"excerpt":{"rendered":"<p>El Gobierno de Mendoza, junto a Impulsa Mendoza y la Direcci\u00f3n Provincial de Vialidad (DPV), contin\u00faa ejecutando con \u00e9xito el Plan &#8230;<\/p>\n","protected":false},"author":7,"featured_media":148918,"comment_status":"open","ping_status":"open","sticky":false,"template":"","format":"standard","meta":{"footnotes":""},"categories":[10,79],"tags":[],"class_list":["post-148917","post","type-post","status-publish","format-standard","has-post-thumbnail","hentry","category-destacadas","category-vialidad"],"_links":{"self":[{"href":"https:\/\/vinasfm.com\/noticias\/wp-json\/wp\/v2\/posts\/148917","targetHints":{"allow":["GET"]}}],"collection":[{"href":"https:\/\/vinasfm.com\/noticias\/wp-json\/wp\/v2\/posts"}],"about":[{"href":"https:\/\/vinasfm.com\/noticias\/wp-json\/wp\/v2\/types\/post"}],"author":[{"embeddable":true,"href":"https:\/\/vinasfm.com\/noticias\/wp-json\/wp\/v2\/users\/7"}],"replies":[{"embeddable":true,"href":"https:\/\/vinasfm.com\/noticias\/wp-json\/wp\/v2\/comments?post=148917"}],"version-history":[{"count":1,"href":"https:\/\/vinasfm.com\/noticias\/wp-json\/wp\/v2\/posts\/148917\/revisions"}],"predecessor-version":[{"id":148919,"href":"https:\/\/vinasfm.com\/noticias\/wp-json\/wp\/v2\/posts\/148917\/revisions\/148919"}],"wp:featuredmedia":[{"embeddable":true,"href":"https:\/\/vinasfm.com\/noticias\/wp-json\/wp\/v2\/media\/148918"}],"wp:attachment":[{"href":"https:\/\/vinasfm.com\/noticias\/wp-json\/wp\/v2\/media?parent=148917"}],"wp:term":[{"taxonomy":"category","embeddable":true,"href":"https:\/\/vinasfm.com\/noticias\/wp-json\/wp\/v2\/categories?post=148917"},{"taxonomy":"post_tag","embeddable":true,"href":"https:\/\/vinasfm.com\/noticias\/wp-json\/wp\/v2\/tags?post=148917"}],"curies":[{"name":"wp","href":"https:\/\/api.w.org\/{rel}","templated":true}]}}