{"id":148915,"date":"2025-05-29T12:24:59","date_gmt":"2025-05-29T15:24:59","guid":{"rendered":"https:\/\/vinasfm.com\/noticias\/?p=148915"},"modified":"2025-05-30T10:34:32","modified_gmt":"2025-05-30T13:34:32","slug":"delincuentes-robaron-en-una-vivienda-de-rel-del-padre","status":"publish","type":"post","link":"https:\/\/vinasfm.com\/noticias\/delincuentes-robaron-en-una-vivienda-de-rel-del-padre\/","title":{"rendered":"DELINCUENTES ROBARON EN UNA VIVIENDA DE REAL DEL PADRE"},"content":{"rendered":"<p><strong><span style=\"color: #003300;\">Un hombre de 54 a\u00f1os, identificado como E.L.O.V., sufri\u00f3 el robo de varias de sus pertenencias de su domicilio ubicado en la intersecci\u00f3n de las calles R\u00edo Negro y Santa Fe, en Real del Padre. El hecho fue denunciado a la Comisar\u00eda 26\u00aa a las 8:30 de este jueves.<\/span><\/strong><\/p>\n<p>Seg\u00fan el relato de la v\u00edctima, se hab\u00eda retirado de su vivienda, dej\u00e1ndola asegurada con un candado. Al regresar a la medianoche, encontr\u00f3 la casa \u00abdesarmada\u00bb, con varias tablas retiradas y sus pertenencias agrupadas en bolsas. Tras una revisi\u00f3n, <strong>constat\u00f3 la sustracci\u00f3n de un colch\u00f3n de una plaza, un tel\u00e9fono celular Noblex de color negro (sin bater\u00eda ni chip), mercader\u00eda diversa y un par de borcegu\u00edes marrones, talle 42.<\/strong><\/p>\n<p>Las autoridades de la Comisar\u00eda 26\u00aa se encuentran investigando el suceso para dar con los responsables del hurto.<\/p>\n","protected":false},"excerpt":{"rendered":"<p>Un hombre de 54 a\u00f1os, identificado como E.L.O.V., sufri\u00f3 el robo de varias de sus pertenencias de su domicilio ubicado en &#8230;<\/p>\n","protected":false},"author":7,"featured_media":127917,"comment_status":"open","ping_status":"open","sticky":false,"template":"","format":"standard","meta":{"footnotes":""},"categories":[5,4],"tags":[],"class_list":["post-148915","post","type-post","status-publish","format-standard","has-post-thumbnail","hentry","category-actualidad","category-policiales"],"_links":{"self":[{"href":"https:\/\/vinasfm.com\/noticias\/wp-json\/wp\/v2\/posts\/148915","targetHints":{"allow":["GET"]}}],"collection":[{"href":"https:\/\/vinasfm.com\/noticias\/wp-json\/wp\/v2\/posts"}],"about":[{"href":"https:\/\/vinasfm.com\/noticias\/wp-json\/wp\/v2\/types\/post"}],"author":[{"embeddable":true,"href":"https:\/\/vinasfm.com\/noticias\/wp-json\/wp\/v2\/users\/7"}],"replies":[{"embeddable":true,"href":"https:\/\/vinasfm.com\/noticias\/wp-json\/wp\/v2\/comments?post=148915"}],"version-history":[{"count":2,"href":"https:\/\/vinasfm.com\/noticias\/wp-json\/wp\/v2\/posts\/148915\/revisions"}],"predecessor-version":[{"id":148966,"href":"https:\/\/vinasfm.com\/noticias\/wp-json\/wp\/v2\/posts\/148915\/revisions\/148966"}],"wp:featuredmedia":[{"embeddable":true,"href":"https:\/\/vinasfm.com\/noticias\/wp-json\/wp\/v2\/media\/127917"}],"wp:attachment":[{"href":"https:\/\/vinasfm.com\/noticias\/wp-json\/wp\/v2\/media?parent=148915"}],"wp:term":[{"taxonomy":"category","embeddable":true,"href":"https:\/\/vinasfm.com\/noticias\/wp-json\/wp\/v2\/categories?post=148915"},{"taxonomy":"post_tag","embeddable":true,"href":"https:\/\/vinasfm.com\/noticias\/wp-json\/wp\/v2\/tags?post=148915"}],"curies":[{"name":"wp","href":"https:\/\/api.w.org\/{rel}","templated":true}]}}