{"id":148911,"date":"2025-05-29T12:13:37","date_gmt":"2025-05-29T15:13:37","guid":{"rendered":"https:\/\/vinasfm.com\/noticias\/?p=148911"},"modified":"2025-05-30T10:34:50","modified_gmt":"2025-05-30T13:34:50","slug":"aprehender-a-un-hombre-por-posesion-de-marihuana","status":"publish","type":"post","link":"https:\/\/vinasfm.com\/noticias\/aprehender-a-un-hombre-por-posesion-de-marihuana\/","title":{"rendered":"APREHENDIERON A UN HOMBRE POR POSESI\u00d3N DE MARIHUANA"},"content":{"rendered":"<h4><strong><span style=\"color: #003300;\">Un hombre de 39 a\u00f1os, identificado como C.A.A.S., fue detenido este mi\u00e9rcoles alrededor de las 15:10 horas en la intersecci\u00f3n de las calles Libertad y Mendoza, en General Alvear, tras ser encontrado en posesi\u00f3n de marihuana.<\/span><\/strong><\/h4>\n<p>La detenci\u00f3n se produjo cuando personal motorizado de la Comisar\u00eda 14\u00aa realizaba un patrullaje preventivo y observ\u00f3 al individuo, quien <strong>adopt\u00f3 una actitud esquiva al notar la presencia policial.<\/strong> Al ser interceptado e entrevistado, <strong>los efectivos le secuestraron un envoltorio de nylon negro que conten\u00eda marihuana, con un peso de 1,4 gramos.<\/strong><\/p>\n<p>Por disposici\u00f3n de la Fiscal\u00eda Descentralizada de San Rafael, se procedi\u00f3 al secuestro de la sustancia y se labraron actuaciones por infracci\u00f3n a la Ley 23.737 (Ley de Estupefacientes). <strong>El hombre qued\u00f3 a disposici\u00f3n de la justicia.<\/strong><\/p>\n","protected":false},"excerpt":{"rendered":"<p>Un hombre de 39 a\u00f1os, identificado como C.A.A.S., fue detenido este mi\u00e9rcoles alrededor de las 15:10 horas en la intersecci\u00f3n de &#8230;<\/p>\n","protected":false},"author":7,"featured_media":148913,"comment_status":"open","ping_status":"open","sticky":false,"template":"","format":"standard","meta":{"footnotes":""},"categories":[5,4],"tags":[],"class_list":["post-148911","post","type-post","status-publish","format-standard","has-post-thumbnail","hentry","category-actualidad","category-policiales"],"_links":{"self":[{"href":"https:\/\/vinasfm.com\/noticias\/wp-json\/wp\/v2\/posts\/148911","targetHints":{"allow":["GET"]}}],"collection":[{"href":"https:\/\/vinasfm.com\/noticias\/wp-json\/wp\/v2\/posts"}],"about":[{"href":"https:\/\/vinasfm.com\/noticias\/wp-json\/wp\/v2\/types\/post"}],"author":[{"embeddable":true,"href":"https:\/\/vinasfm.com\/noticias\/wp-json\/wp\/v2\/users\/7"}],"replies":[{"embeddable":true,"href":"https:\/\/vinasfm.com\/noticias\/wp-json\/wp\/v2\/comments?post=148911"}],"version-history":[{"count":2,"href":"https:\/\/vinasfm.com\/noticias\/wp-json\/wp\/v2\/posts\/148911\/revisions"}],"predecessor-version":[{"id":148967,"href":"https:\/\/vinasfm.com\/noticias\/wp-json\/wp\/v2\/posts\/148911\/revisions\/148967"}],"wp:featuredmedia":[{"embeddable":true,"href":"https:\/\/vinasfm.com\/noticias\/wp-json\/wp\/v2\/media\/148913"}],"wp:attachment":[{"href":"https:\/\/vinasfm.com\/noticias\/wp-json\/wp\/v2\/media?parent=148911"}],"wp:term":[{"taxonomy":"category","embeddable":true,"href":"https:\/\/vinasfm.com\/noticias\/wp-json\/wp\/v2\/categories?post=148911"},{"taxonomy":"post_tag","embeddable":true,"href":"https:\/\/vinasfm.com\/noticias\/wp-json\/wp\/v2\/tags?post=148911"}],"curies":[{"name":"wp","href":"https:\/\/api.w.org\/{rel}","templated":true}]}}