{"id":148905,"date":"2025-05-29T11:47:27","date_gmt":"2025-05-29T14:47:27","guid":{"rendered":"https:\/\/vinasfm.com\/noticias\/?p=148905"},"modified":"2025-05-30T08:45:24","modified_gmt":"2025-05-30T11:45:24","slug":"148905-2","status":"publish","type":"post","link":"https:\/\/vinasfm.com\/noticias\/148905-2\/","title":{"rendered":"PREOCUPACI\u00d3N POR LA SEGURIDAD VIAL EN GENERAL ALVEAR: EL LLAMADO A LA CONCIENCIA DE JAIME CORREA"},"content":{"rendered":"<h4 data-start=\"102\" data-end=\"524\"><strong><span style=\"color: #003300;\">En di\u00e1logo con FM VI\u00d1AS, el comisario inspector retirado Jaime Correa expres\u00f3 su profunda preocupaci\u00f3n por el aumento de siniestros viales en la regi\u00f3n. Con un tono directo pero reflexivo, Correa plante\u00f3 una serie de observaciones sobre las causas evitables de los accidentes que ocurren a diario en el departamento, desde colisiones entre autos y motos hasta choques con bicicletas y peatones.<\/span><\/strong><\/h4>\n<p data-start=\"526\" data-end=\"912\"><em><strong>\u201cSeguimos provocando, ocasionando y sufriendo accidentes por doquier\u201d<\/strong><\/em>, lament\u00f3 el exjefe policial, quien destac\u00f3 que<strong><em> \u201ctodos los d\u00edas damos cuenta de dos o tres siniestros\u201d<\/em><\/strong> en Alvear. A su entender, muchos de estos hechos se deben a la <strong>falta de respeto por las normas b\u00e1sicas de tr\u00e1nsito, la irresponsabilidad de conductores y peatones, y el creciente n\u00famero de veh\u00edculos en circulaci\u00f3n.<\/strong><\/p>\n<p data-start=\"914\" data-end=\"1192\">Para <strong><span style=\"color: #003366;\">Correa<\/span><\/strong>, no se trata de accidentes en el sentido estricto del t\u00e9rmino: <strong><em>\u201cUn accidente es algo que no se puede evitar, como un derrumbe o una tormenta. Pero lo que estamos viendo en las calles son siniestros viales, hechos evitables donde suele haber culpabilidad compartida\u201d.<\/em><\/strong><\/p>\n<p data-start=\"1194\" data-end=\"1574\">En sus declaraciones, el excomisario record\u00f3 los a\u00f1os que pas\u00f3 en Alvear como uno de los destinos m\u00e1s significativos de su carrera. Rememor\u00f3 con cari\u00f1o la implementaci\u00f3n de normas de tr\u00e1nsito durante la Fiesta de la Ganader\u00eda, muchas de las cuales se mantienen vigentes hasta el d\u00eda de hoy, como la recordada \u201crotonda improvisada\u201d para ordenar el tr\u00e1nsito durante eventos masivos.<\/p>\n<p data-start=\"1576\" data-end=\"2041\">Sin embargo, advirti\u00f3 que esa conciencia colectiva que una vez caracteriz\u00f3 al pueblo est\u00e1 siendo reemplazada por comportamientos imprudentes y falta de compromiso ciudadano.<em><strong> \u201cMuchos creen que tener un carnet es una licencia para hacer lo que quieran\u201d<\/strong><\/em>, alert\u00f3. Adem\u00e1s, puso el foco en la necesidad de adecuar la infraestructura vial:<strong><em> \u201cCada vez cargamos m\u00e1s la ruta y poco se hace para ampliarla. Y despu\u00e9s, los mismos que viven en esos barrios se quejan de la ruta\u201d.<\/em><\/strong><\/p>\n<p data-start=\"2043\" data-end=\"2387\">Correa tambi\u00e9n remarc\u00f3 la importancia de la educaci\u00f3n vial desde edades tempranas y el ejemplo que deben dar tanto autoridades como ciudadanos. <em><strong>\u201cNadie hace mea culpa. Todos queremos que apliquen multas, pero no a nosotros\u201d<\/strong><\/em>, expres\u00f3, y agreg\u00f3 que para reducir la siniestralidad es imprescindible asumir la responsabilidad individual y colectiva.<\/p>\n<p data-start=\"2389\" data-end=\"2682\">En su mensaje final, destac\u00f3 la tranquilidad y calidad de vida que todav\u00eda conserva Alvear, animando a los vecinos a preservar esos valores que lo distinguen:<strong><em> \u201cMis hijas pudieron ir solas a la escuela por primera vez en Alvear. Eso no tiene precio. Son cosas que deben cuidarse y disfrutarse\u201d.<\/em><\/strong><\/p>\n<p data-start=\"2684\" data-end=\"2964\" data-is-last-node=\"\" data-is-only-node=\"\"><span style=\"color: #003366;\"><strong>Jaime Correa<\/strong><\/span>, desde su rol de referente y con la experiencia que le dio la calle, dej\u00f3 un claro mensaje: la seguridad vial depende de todos. Su testimonio es un llamado a recuperar el respeto, la conciencia y la empat\u00eda en la convivencia cotidiana en las calles de General Alvear.<\/p>\n","protected":false},"excerpt":{"rendered":"<p>En di\u00e1logo con FM VI\u00d1AS, el comisario inspector retirado Jaime Correa expres\u00f3 su profunda preocupaci\u00f3n por el aumento de siniestros viales &#8230;<\/p>\n","protected":false},"author":7,"featured_media":148907,"comment_status":"open","ping_status":"open","sticky":false,"template":"","format":"standard","meta":{"footnotes":""},"categories":[5,56],"tags":[],"class_list":["post-148905","post","type-post","status-publish","format-standard","has-post-thumbnail","hentry","category-actualidad","category-seguridad-vial"],"_links":{"self":[{"href":"https:\/\/vinasfm.com\/noticias\/wp-json\/wp\/v2\/posts\/148905","targetHints":{"allow":["GET"]}}],"collection":[{"href":"https:\/\/vinasfm.com\/noticias\/wp-json\/wp\/v2\/posts"}],"about":[{"href":"https:\/\/vinasfm.com\/noticias\/wp-json\/wp\/v2\/types\/post"}],"author":[{"embeddable":true,"href":"https:\/\/vinasfm.com\/noticias\/wp-json\/wp\/v2\/users\/7"}],"replies":[{"embeddable":true,"href":"https:\/\/vinasfm.com\/noticias\/wp-json\/wp\/v2\/comments?post=148905"}],"version-history":[{"count":2,"href":"https:\/\/vinasfm.com\/noticias\/wp-json\/wp\/v2\/posts\/148905\/revisions"}],"predecessor-version":[{"id":148910,"href":"https:\/\/vinasfm.com\/noticias\/wp-json\/wp\/v2\/posts\/148905\/revisions\/148910"}],"wp:featuredmedia":[{"embeddable":true,"href":"https:\/\/vinasfm.com\/noticias\/wp-json\/wp\/v2\/media\/148907"}],"wp:attachment":[{"href":"https:\/\/vinasfm.com\/noticias\/wp-json\/wp\/v2\/media?parent=148905"}],"wp:term":[{"taxonomy":"category","embeddable":true,"href":"https:\/\/vinasfm.com\/noticias\/wp-json\/wp\/v2\/categories?post=148905"},{"taxonomy":"post_tag","embeddable":true,"href":"https:\/\/vinasfm.com\/noticias\/wp-json\/wp\/v2\/tags?post=148905"}],"curies":[{"name":"wp","href":"https:\/\/api.w.org\/{rel}","templated":true}]}}