{"id":148897,"date":"2025-05-29T11:09:15","date_gmt":"2025-05-29T14:09:15","guid":{"rendered":"https:\/\/vinasfm.com\/noticias\/?p=148897"},"modified":"2025-05-30T10:12:02","modified_gmt":"2025-05-30T13:12:02","slug":"orgullo-alvearense-agustin-loser-fue-homenajeado-por-su-trayectoria-y-logros-deportivos","status":"publish","type":"post","link":"https:\/\/vinasfm.com\/noticias\/orgullo-alvearense-agustin-loser-fue-homenajeado-por-su-trayectoria-y-logros-deportivos\/","title":{"rendered":"ORGULLO ALVEARENSE: AGUST\u00cdN LOSER FUE HOMENAJEADO POR SU TRAYECTORIA Y LOGROS DEPORTIVOS"},"content":{"rendered":"<h4 data-start=\"94\" data-end=\"389\"><span style=\"color: #003300;\"><strong>En un emotivo encuentro celebrado en su tierra natal, el destacado jugador de v\u00f3ley Agust\u00edn Loser fue homenajeado por el intendente Alejandro Molero y toda la comunidad alvearense, en reconocimiento a su brillante carrera deportiva y al ejemplo que representa para el departamento.<\/strong><\/span><\/h4>\n<p data-start=\"391\" data-end=\"774\"><em><strong>\u201cUn hijo pr\u00f3digo de esta tierra nos visita en medio de una agenda deportiva sumamente exigente. Aprovechamos estos d\u00edas que se toma para estar con su familia, para manifestarle el orgullo de todo su pueblo\u201d<\/strong><\/em>, expres\u00f3 Molero, quien destac\u00f3 no solo sus logros deportivos, sino los valores que Loser encarna: <em>humildad, educaci\u00f3n, esfuerzo, perseverancia y respeto.<\/em><\/p>\n<p data-start=\"776\" data-end=\"1126\"><em><strong>\u201cAgust\u00edn representa lo que somos como sociedad\u201d<\/strong><\/em>, agreg\u00f3 el jefe comunal, quien tambi\u00e9n entreg\u00f3 una <strong data-start=\"875\" data-end=\"898\">placa conmemorativa<\/strong> y un obsequio muy especial: <strong data-start=\"927\" data-end=\"981\">un retazo de la bandera m\u00e1s grande de la Argentina<\/strong>, confeccionado por las Damas Costureras del CIC, como s\u00edmbolo del cari\u00f1o y del esp\u00edritu alvearense que acompa\u00f1a a Loser a cada rinc\u00f3n del mundo.<\/p>\n<h3 data-start=\"1128\" data-end=\"1179\">Un referente internacional con ra\u00edces profundas<\/h3>\n<p data-start=\"1181\" data-end=\"1623\">Agust\u00edn Loser, de 27 a\u00f1os, se form\u00f3 en las divisiones inferiores del Club Andes y en la Escuela de Agricultura de General Alvear. Comenz\u00f3 su carrera en el v\u00f3ley profesional jugando para Obras de San Juan y luego pas\u00f3 por Bol\u00edvar V\u00f3ley. Su crecimiento lo llev\u00f3 a consolidarse como uno de los mejores centrales del pa\u00eds, destac\u00e1ndose en la <strong data-start=\"1519\" data-end=\"1542\">Selecci\u00f3n Argentina<\/strong>, con la que gan\u00f3 la <strong data-start=\"1563\" data-end=\"1622\">medalla de bronce en los Juegos Ol\u00edmpicos de Tokio 2020<\/strong>.<\/p>\n<p data-start=\"1625\" data-end=\"2025\">Actualmente juega en Europa y es parte del <strong data-start=\"1668\" data-end=\"1680\">Tours VB<\/strong> de Francia, club con el que recientemente obtuvo un logro hist\u00f3rico: <strong data-start=\"1750\" data-end=\"1788\">ganar la Champions League de v\u00f3ley<\/strong>, la primera en la historia de la instituci\u00f3n. <strong><em>\u201cHab\u00edan perdido una final hace unos a\u00f1os, siempre quedaban en semifinales. Y bueno, ahora por suerte lleg\u00f3. Estoy muy feliz de ser parte de esta historia\u201d<\/em><\/strong>, expres\u00f3 Loser durante el homenaje.<\/p>\n<h3 data-start=\"2027\" data-end=\"2070\">Nuevos desaf\u00edos con la celeste y blanca<\/h3>\n<p data-start=\"2072\" data-end=\"2393\">Con los pies en Alvear y la mente puesta en los pr\u00f3ximos desaf\u00edos, Loser se prepara ahora para la temporada con la selecci\u00f3n nacional. <em><strong>\u201cTenemos un amistoso en San Juan contra Cuba y luego arranca la VNL (Volleyball Nations League), que nos lleva a Canad\u00e1, Serbia y Jap\u00f3n. Es un torneo exigente, con 12 partidos\u201d<\/strong><\/em>, coment\u00f3.<\/p>\n<p data-start=\"2395\" data-end=\"2745\">Tambi\u00e9n adelant\u00f3 que el gran objetivo es el <strong data-start=\"2439\" data-end=\"2491\">Campeonato Mundial que se disputar\u00e1 en Filipinas<\/strong>, adem\u00e1s de buscar una nueva clasificaci\u00f3n a los <strong data-start=\"2540\" data-end=\"2574\">Juegos Ol\u00edmpicos de Par\u00eds 2024<\/strong>. Sobre el presente del seleccionado, se\u00f1al\u00f3: \u201cAunque llegan nuevos chicos, muchos ya somos amigos. Siempre fue un gran grupo, dentro y fuera de la cancha, y eso se nota\u201d.<\/p>\n<h3 data-start=\"2747\" data-end=\"2787\">Un mensaje de pertenencia y gratitud<\/h3>\n<p data-start=\"2789\" data-end=\"3090\"><strong><em>\u201cSiempre siento el cari\u00f1o de la gente, incluso cuando estoy lejos. Me lo hacen llegar por redes sociales, y ahora tambi\u00e9n tengo algo f\u00edsico para llevar conmigo\u201d<\/em><\/strong>, dijo emocionado Loser, quien reafirm\u00f3 su orgullo por representar a la Argentina, pero especialmente por ser un embajador de General Alvear.<\/p>\n<p data-start=\"3092\" data-end=\"3333\" data-is-last-node=\"\" data-is-only-node=\"\">La comunidad entera lo acompa\u00f1a a la distancia, celebrando cada punto, cada logro y cada paso de quien no solo es una figura del v\u00f3ley mundial, sino tambi\u00e9n un s\u00edmbolo vivo del talento y los valores que nacen en el coraz\u00f3n del sur mendocino.<\/p>\n","protected":false},"excerpt":{"rendered":"<p>En un emotivo encuentro celebrado en su tierra natal, el destacado jugador de v\u00f3ley Agust\u00edn Loser fue homenajeado por el intendente &#8230;<\/p>\n","protected":false},"author":7,"featured_media":148898,"comment_status":"open","ping_status":"open","sticky":false,"template":"","format":"standard","meta":{"footnotes":""},"categories":[5,3],"tags":[],"class_list":["post-148897","post","type-post","status-publish","format-standard","has-post-thumbnail","hentry","category-actualidad","category-deportes"],"_links":{"self":[{"href":"https:\/\/vinasfm.com\/noticias\/wp-json\/wp\/v2\/posts\/148897","targetHints":{"allow":["GET"]}}],"collection":[{"href":"https:\/\/vinasfm.com\/noticias\/wp-json\/wp\/v2\/posts"}],"about":[{"href":"https:\/\/vinasfm.com\/noticias\/wp-json\/wp\/v2\/types\/post"}],"author":[{"embeddable":true,"href":"https:\/\/vinasfm.com\/noticias\/wp-json\/wp\/v2\/users\/7"}],"replies":[{"embeddable":true,"href":"https:\/\/vinasfm.com\/noticias\/wp-json\/wp\/v2\/comments?post=148897"}],"version-history":[{"count":2,"href":"https:\/\/vinasfm.com\/noticias\/wp-json\/wp\/v2\/posts\/148897\/revisions"}],"predecessor-version":[{"id":148964,"href":"https:\/\/vinasfm.com\/noticias\/wp-json\/wp\/v2\/posts\/148897\/revisions\/148964"}],"wp:featuredmedia":[{"embeddable":true,"href":"https:\/\/vinasfm.com\/noticias\/wp-json\/wp\/v2\/media\/148898"}],"wp:attachment":[{"href":"https:\/\/vinasfm.com\/noticias\/wp-json\/wp\/v2\/media?parent=148897"}],"wp:term":[{"taxonomy":"category","embeddable":true,"href":"https:\/\/vinasfm.com\/noticias\/wp-json\/wp\/v2\/categories?post=148897"},{"taxonomy":"post_tag","embeddable":true,"href":"https:\/\/vinasfm.com\/noticias\/wp-json\/wp\/v2\/tags?post=148897"}],"curies":[{"name":"wp","href":"https:\/\/api.w.org\/{rel}","templated":true}]}}