{"id":148888,"date":"2025-05-29T10:30:31","date_gmt":"2025-05-29T13:30:31","guid":{"rendered":"https:\/\/vinasfm.com\/noticias\/?p=148888"},"modified":"2025-05-30T10:27:53","modified_gmt":"2025-05-30T13:27:53","slug":"hablemos-de-menopausia-conversatorio-por-la-salud-integral-de-la-mujer","status":"publish","type":"post","link":"https:\/\/vinasfm.com\/noticias\/hablemos-de-menopausia-conversatorio-por-la-salud-integral-de-la-mujer\/","title":{"rendered":"\u201cHABLEMOS DE MENOPAUSIA\u201d: CONVERSATORIO POR LA SALUD INTEGRAL DE LA MUJER"},"content":{"rendered":"<p><strong><span style=\"color: #003300;\">En el marco del D\u00eda Internacional de Acci\u00f3n por la Salud de la Mujer, se llev\u00f3 a cabo el conversatorio \u201cHablemos de Menopausia\u201d, un espacio de di\u00e1logo e intercambio centrado en los saberes y sentires de las mujeres en torno a esta etapa vital. La actividad se desarroll\u00f3 en el Centro de Jubilados Juan B. Justo y tuvo una gran participaci\u00f3n de mujeres interesadas en abordar la menopausia desde una perspectiva integral.<\/span><\/strong><\/p>\n<p>El encuentro tuvo como objetivo visibilizar esta etapa desde una mirada que contemple no solo los cambios f\u00edsicos, sino tambi\u00e9n los aspectos emocionales, sociales y culturales, promoviendo el acceso a informaci\u00f3n y el acompa\u00f1amiento entre pares. A lo largo de la jornada, se gener\u00f3 un ambiente de confianza y escucha activa, que permiti\u00f3 a las participantes compartir experiencias, inquietudes y estrategias para transitar esta etapa de manera saludable y consciente.<\/p>\n<p><span style=\"color: #003366;\"><strong>Jimena Colombres<\/strong><\/span>, <em>coordinadora del \u00e1rea de Mujer y G\u00e9nero<\/em>, destac\u00f3: \u201cesta charla es muy importante porque despu\u00e9s de los 40, las mujeres empiezan a sufrir diferentes cambios que tienen que ver con cambios f\u00edsicos, fisiol\u00f3gicos, emocionales, y la idea es que ellas cuenten con informaci\u00f3n acerca de lo que implica transitar esta etapa\u201d<br \/>\nDurante el conversatorio, la licenciada en Trabajo Social Mar\u00eda Rosa Cabrera aport\u00f3 herramientas e informaci\u00f3n clave desde su formaci\u00f3n profesional y su experiencia personal. Se abordaron temas como los cambios de h\u00e1bitos, la importancia del descanso, el fortalecimiento de los v\u00ednculos sociales y la salud integral de la mujer en esta etapa.<br \/>\n\u201cEsperamos que esta actividad pueda replicarse en otros espacios, con el apoyo de la comunidad, fortaleciendo una red de contenci\u00f3n e informaci\u00f3n para todas las mujeres\u201d, concluy\u00f3 Colombres.<br \/>\nEsta iniciativa forma parte del compromiso con la promoci\u00f3n de la salud integral de las mujeres, fomentando espacios participativos, inclusivos y con enfoque de g\u00e9nero.<\/p>\n","protected":false},"excerpt":{"rendered":"<p>En el marco del D\u00eda Internacional de Acci\u00f3n por la Salud de la Mujer, se llev\u00f3 a cabo el conversatorio \u201cHablemos &#8230;<\/p>\n","protected":false},"author":7,"featured_media":148889,"comment_status":"open","ping_status":"open","sticky":false,"template":"","format":"standard","meta":{"footnotes":""},"categories":[15,11],"tags":[],"class_list":["post-148888","post","type-post","status-publish","format-standard","has-post-thumbnail","hentry","category-salud","category-sociales"],"_links":{"self":[{"href":"https:\/\/vinasfm.com\/noticias\/wp-json\/wp\/v2\/posts\/148888","targetHints":{"allow":["GET"]}}],"collection":[{"href":"https:\/\/vinasfm.com\/noticias\/wp-json\/wp\/v2\/posts"}],"about":[{"href":"https:\/\/vinasfm.com\/noticias\/wp-json\/wp\/v2\/types\/post"}],"author":[{"embeddable":true,"href":"https:\/\/vinasfm.com\/noticias\/wp-json\/wp\/v2\/users\/7"}],"replies":[{"embeddable":true,"href":"https:\/\/vinasfm.com\/noticias\/wp-json\/wp\/v2\/comments?post=148888"}],"version-history":[{"count":2,"href":"https:\/\/vinasfm.com\/noticias\/wp-json\/wp\/v2\/posts\/148888\/revisions"}],"predecessor-version":[{"id":148891,"href":"https:\/\/vinasfm.com\/noticias\/wp-json\/wp\/v2\/posts\/148888\/revisions\/148891"}],"wp:featuredmedia":[{"embeddable":true,"href":"https:\/\/vinasfm.com\/noticias\/wp-json\/wp\/v2\/media\/148889"}],"wp:attachment":[{"href":"https:\/\/vinasfm.com\/noticias\/wp-json\/wp\/v2\/media?parent=148888"}],"wp:term":[{"taxonomy":"category","embeddable":true,"href":"https:\/\/vinasfm.com\/noticias\/wp-json\/wp\/v2\/categories?post=148888"},{"taxonomy":"post_tag","embeddable":true,"href":"https:\/\/vinasfm.com\/noticias\/wp-json\/wp\/v2\/tags?post=148888"}],"curies":[{"name":"wp","href":"https:\/\/api.w.org\/{rel}","templated":true}]}}