{"id":148884,"date":"2025-05-29T10:18:31","date_gmt":"2025-05-29T13:18:31","guid":{"rendered":"https:\/\/vinasfm.com\/noticias\/?p=148884"},"modified":"2025-05-30T10:28:12","modified_gmt":"2025-05-30T13:28:12","slug":"crisis-en-discapacidad-terapeutas-se-movilizan-por-la-precarizacion-laboral-que-pone-en-riesgo-tratamientos","status":"publish","type":"post","link":"https:\/\/vinasfm.com\/noticias\/crisis-en-discapacidad-terapeutas-se-movilizan-por-la-precarizacion-laboral-que-pone-en-riesgo-tratamientos\/","title":{"rendered":"CRISIS EN DISCAPACIDAD: TERAPEUTAS SE MOVILIZAN POR LA PRECARIZACI\u00d3N LABORAL QUE PONE EN RIESGO TRATAMIENTOS"},"content":{"rendered":"<p><span style=\"color: #003300;\"><strong>Profesionales de la Salud mendocinos se suman a una protesta nacional. Denuncian sueldos congelados desde diciembre y pagos atrasados, entre otras falencias.<\/strong><\/span><\/p>\n<p>El sistema de atenci\u00f3n a\u00a0<strong>personas con discapacidad<\/strong>\u00a0en Argentina enfrenta un panorama cr\u00edtico que ha llevado a profesionales de todo el pa\u00eds, incluso de Mendoza, a convocar a una movilizaci\u00f3n este\u00a0<strong>jueves a las 10.30, en la Legislatura provincial<\/strong>, as\u00ed como en diversos rincones del territorio nacional.<\/p>\n<p>El reclamo se da en medio de la\u00a0<strong>aprobaci\u00f3n de la Ley de Emergencia en Discapacidad<\/strong>, una norma que ya cuenta con media sanci\u00f3n y que buscan que se concrete para visibilizar la precarizaci\u00f3n laboral que sufren los terapeutas y garantizar los derechos de las personas con discapacidad.<\/p>\n<h2 id=\"h-salarios-congelados-y-pagos-demorados\" class=\"wp-block-heading\">Salarios congelados y pagos demorados<\/h2>\n<p>Los terapeutas que trabajan con ni\u00f1os y adultos con discapacidad denuncian que la situaci\u00f3n actual ha vuelto su labor insostenible.<\/p>\n<p><strong>Los principales reclamos apuntan a las obras sociales<\/strong>, que seg\u00fan denuncian los mismos prestadores autorizan menos sesiones de las prescriptas m\u00e9dicamente, no actualizan honorarios profesionales desde diciembre, demoran entre 3 y 4 meses los pagos a terapeutas y obligan a muchos profesionales a costear traslados y materiales de su propio bolsillo.<\/p>\n<p>Frente a esta situaci\u00f3n, la respuesta de la Superintendencia de Servicios de Salud (SSS) ha sido, seg\u00fan los profesionales, \u201cninguna, silencio total\u201d. Esto agrava la incertidumbre y la desesperaci\u00f3n del sector.<\/p>\n<p>Por su parte, el Gobierno nacional rechaza la declaraci\u00f3n de emergencia, sin embargo, admiti\u00f3 fallas en el sistema de auditor\u00edas, motivo por el que paraliz\u00f3 el otorgamiento de nuevas pensiones.<\/p>\n<aside class=\"scaip scaip-2    \"><\/aside>\n<h2 id=\"h-la-palabra-de-los-profesionales\" class=\"wp-block-heading\">La palabra de los profesionales<\/h2>\n<p><strong>Romina<\/strong>\u00a0es terapeuta ocupacional (TO) y describe su situaci\u00f3n como <strong>\u201cde mucho cansancio, frustraci\u00f3n por no poder mantenerse con la carrera que eligi\u00f3 para vivir\u201d.<\/strong><\/p>\n<p>\u201cActualmente, una sesi\u00f3n por discapacidad se percibe en\u00a0<strong>$12.371,61, cuando el valor deber\u00eda rondar entre $18.000 y $20.000 como m\u00ednimo<\/strong>\u201c, dijo la especialista y agreg\u00f3:<strong><em> \u201cComparativamente con una sesi\u00f3n particular de Fonoaudiolog\u00eda, por ejemplo, se estima en $23.000, una diferencia abismal\u201d.<\/em><\/strong><\/p>\n<p>Por su parte,\u00a0<strong>Antonela<\/strong>, quien se desempe\u00f1a como psic\u00f3loga en un instituto de atenci\u00f3n para chicos con discapacidad, sostuvo: <em><strong>\u201cCon toda esta situaci\u00f3n hay muchas profesionales que est\u00e1n dejando de atender en esta modalidad y prefieren irse a institutos a donde les paguen a mes vencido en donde cobran el valor por hora, pero asegurado\u201d.<\/strong><\/em><\/p>\n<aside class=\"scaip scaip-3    \"><\/aside>\n<p>Asimismo, refiri\u00f3: <em><strong>\u201cEsto, a la larga, puede afectar directamente la calidad del servicio que se va brindando, ya que ya no es la misma energ\u00eda ni la misma motivaci\u00f3n, se hace complicado\u201d.<\/strong><\/em><\/p>\n<p><img loading=\"lazy\" decoding=\"async\" class=\"aligncenter\" src=\"https:\/\/i0.wp.com\/www.elsol.com.ar\/wp-content\/uploads\/2024\/04\/autismo-dia-8.jpg?resize=780%2C582&amp;ssl=1\" width=\"595\" height=\"444\" \/><\/p>\n<p>Por otro lado, la especialista enfatiz\u00f3 que \u201cel reclamo no va dirigido solo a las obras sociales, sino tambi\u00e9n a generar concientizaci\u00f3n en los padres, quienes muchas veces desconocen la compleja situaci\u00f3n econ\u00f3mica de los terapeutas\u201d.<\/p>\n","protected":false},"excerpt":{"rendered":"<p>Profesionales de la Salud mendocinos se suman a una protesta nacional. Denuncian sueldos congelados desde diciembre y pagos atrasados, entre otras &#8230;<\/p>\n","protected":false},"author":7,"featured_media":148885,"comment_status":"open","ping_status":"open","sticky":false,"template":"","format":"standard","meta":{"footnotes":""},"categories":[10,11],"tags":[],"class_list":["post-148884","post","type-post","status-publish","format-standard","has-post-thumbnail","hentry","category-destacadas","category-sociales"],"_links":{"self":[{"href":"https:\/\/vinasfm.com\/noticias\/wp-json\/wp\/v2\/posts\/148884","targetHints":{"allow":["GET"]}}],"collection":[{"href":"https:\/\/vinasfm.com\/noticias\/wp-json\/wp\/v2\/posts"}],"about":[{"href":"https:\/\/vinasfm.com\/noticias\/wp-json\/wp\/v2\/types\/post"}],"author":[{"embeddable":true,"href":"https:\/\/vinasfm.com\/noticias\/wp-json\/wp\/v2\/users\/7"}],"replies":[{"embeddable":true,"href":"https:\/\/vinasfm.com\/noticias\/wp-json\/wp\/v2\/comments?post=148884"}],"version-history":[{"count":1,"href":"https:\/\/vinasfm.com\/noticias\/wp-json\/wp\/v2\/posts\/148884\/revisions"}],"predecessor-version":[{"id":148886,"href":"https:\/\/vinasfm.com\/noticias\/wp-json\/wp\/v2\/posts\/148884\/revisions\/148886"}],"wp:featuredmedia":[{"embeddable":true,"href":"https:\/\/vinasfm.com\/noticias\/wp-json\/wp\/v2\/media\/148885"}],"wp:attachment":[{"href":"https:\/\/vinasfm.com\/noticias\/wp-json\/wp\/v2\/media?parent=148884"}],"wp:term":[{"taxonomy":"category","embeddable":true,"href":"https:\/\/vinasfm.com\/noticias\/wp-json\/wp\/v2\/categories?post=148884"},{"taxonomy":"post_tag","embeddable":true,"href":"https:\/\/vinasfm.com\/noticias\/wp-json\/wp\/v2\/tags?post=148884"}],"curies":[{"name":"wp","href":"https:\/\/api.w.org\/{rel}","templated":true}]}}