{"id":148814,"date":"2025-05-28T08:18:40","date_gmt":"2025-05-28T11:18:40","guid":{"rendered":"https:\/\/vinasfm.com\/noticias\/?p=148814"},"modified":"2025-05-29T08:44:48","modified_gmt":"2025-05-29T11:44:48","slug":"refuerza-mendoza-destinara-mas-de-170-millones-para-garantizar-la-continuidad-laboral-de-unidades-productivas-afectadas-por-el-clima","status":"publish","type":"post","link":"https:\/\/vinasfm.com\/noticias\/refuerza-mendoza-destinara-mas-de-170-millones-para-garantizar-la-continuidad-laboral-de-unidades-productivas-afectadas-por-el-clima\/","title":{"rendered":"\u201cREFUERZA MENDOZA\u201d DESTINAR\u00c1 M\u00c1S DE $170 MILLONES PARA GARANTIZAR LA CONTINUIDAD LABORAL DE UNIDADES PRODUCTIVAS AFECTADAS POR EL CLIMA"},"content":{"rendered":"<h4><span style=\"color: #003300;\">La iniciativa fue oficializada mediante el Decreto 1096, en el marco del Estado de Emergencia o Desastre Agropecuario. Ser\u00e1 gestionado por la Subsecretar\u00eda de Empleo y Capacitaci\u00f3n y ofrecer\u00e1 un aporte econ\u00f3mico directo a trabajadores de\u00a0distintas unidades productivas de hasta 60 hect\u00e1reas, localizadas en zonas alcanzadas por granizo o heladas.<\/span><\/h4>\n<p>El <strong>Gobierno de Mendoza<\/strong> avanza en herramientas concretas que permitan acompa\u00f1ar a trabajadores y unidades productivas, que hayan visto afectadas sus econom\u00edas a ra\u00edz de los da\u00f1os ocasionados por la ca\u00edda de granizo o fuertes heladas.<\/p>\n<p>Es que, desde el Ejecutivo provincial se anunci\u00f3 el lanzamiento del programa <em>\u201cRefuerza Mendoza\u201d<\/em>, medida oficializada recientemente mediante el Decreto 1096, de la cartera que conduce el ministro <strong><span style=\"color: #003366;\">Rodolfo Vargas Arizu<\/span><\/strong> y que lleva la firma del <span style=\"color: #003366;\"><strong>Gobernador Alfredo Cornejo<\/strong><\/span>.<\/p>\n<p>La herramienta, que se inscribe en el marco del Estado de Emergencia o Desastre Agropecuario declarado por el Decreto 43\/25, ofrece un aporte econ\u00f3mico directo a trabajadores registrados de unidades productivas con hasta 60 hect\u00e1reas, localizados en zonas alcanzadas por eventos climatol\u00f3gicos.<\/p>\n<p>Seg\u00fan detalla el Decreto, la asistencia ser\u00e1 equivalente al 60% del Salario M\u00ednimo Vital y M\u00f3vil durante tres meses, sin posibilidad de pr\u00f3rroga. Est\u00e1 previsto que puedan ser beneficiados hasta 60 trabajadores por unidad productiva.<\/p>\n<p>Al respecto, <span style=\"color: #003366;\"><strong>Emilce Vega Espinoza<\/strong><\/span>,<em> subsecretaria de Empleo y Capacitaci\u00f3n<\/em>, coment\u00f3: <em><strong>\u201cEl objetivo del programa es garantizar la continuidad laboral de aquellas unidades productivas que fueron v\u00edctimas de los acontecimientos clim\u00e1ticos, busca garantizar la continuidad laboral de todos sus trabajadores\u201d.<\/strong><\/em><\/p>\n<p>El programa est\u00e1 enfocado en aquellas unidades productivas que no participaron o no recibieron el fondo compensador agr\u00edcola. Se trata de una franja que queda fuera del alcance de esta herramienta y que son aquellos que tienen m\u00e1s de 30 hect\u00e1reas y hasta 60.<\/p>\n<p><strong><em>\u201cSe ha puesto como tope que tengan hasta 60 trabajadores registrados. Esto va a permitir garantizar la continuidad de esos trabajadores durante toda la temporada. Iniciando en junio, el pago va a ser a mes vencido y las inscripciones van a estar disponibles a partir de este jueves 28 y hasta el 5 de junio inclusive\u201d<\/em><\/strong>, remarc\u00f3 Vega Espinoza.<\/p>\n<p>En este sentido, la funcionaria destac\u00f3 que el tr\u00e1mite es 100% gratuito y de autogesti\u00f3n. Desde la cartera de Producci\u00f3n se dispondr\u00e1 de un contacto telef\u00f3nico para que las personas puedan informarse. Asimismo, los interesados podr\u00e1n acercarse a las oficinas de empleo para obtener toda la informaci\u00f3n.<\/p>\n<p>Vega Espinoza hizo hincapi\u00e9 en que todas las unidades productivas pueden presentarse con sus trabajadores siempre y cuando cumplan con los requisitos. La presentaci\u00f3n siempre tiene que ser a cargo del apoderado, del encargado o del due\u00f1o de esta unidad productiva. No puede presentarse el trabajador solo.<\/p>\n<h2><strong>C\u00f3mo operar\u00e1 el programa<\/strong><\/h2>\n<p>Es importante destacar c\u00f3mo va a ser la modalidad de implementaci\u00f3n del programa y sus respectivos desembolsos. Seg\u00fan detallaron desde la cartera de Producci\u00f3n, el pago del incentivo mensual se va a realizar del 1 al 15 y a mes vencido.<\/p>\n<p>Es decir, la persona se va a inscribir durante junio y en julio, va a recibir el incentivo siempre y cuando la documentaci\u00f3n se encuentre correcta y sea aprobada por la Subsecretar\u00eda de Empleo y Capacitaci\u00f3n.<\/p>\n<p><em><strong>\u201cEl dep\u00f3sito se va a hacer al CBU bancario de ese trabajador. Este es un incentivo que tiene dos beneficios. Por un lado, garantiza la continuidad de la labor, es decir, del trabajador en su relaci\u00f3n laboral formal y por el otro, acompa\u00f1a al empresario a reducirle los costos de cada uno de esos salarios\u201d<\/strong><\/em>, detall\u00f3 la subsecretaria de Empleo y Capacitaci\u00f3n<\/p>\n<p>De este modo, el trabajador va a recibir el incentivo econ\u00f3mico en su CBU, el empresario tendr\u00e1 que complementar el salario establecido por convenio colectivo de trabajo para ese sector y esto va a quedar registrado en el bono de sueldo bajo la leyenda Programa Provincial Refuerza Mendoza, donde va a descontar, en este caso, hablando del primer mes de $188.000.<\/p>\n<p><em><strong>\u201cEsto no estaba presupuestado cuando se gener\u00f3 el presupuesto en 2024, pero nuestro ministro Rodolfo Vargas Arizu entiende la necesidad de dar respuesta a los sectores que no fueron alcanzados por el Fondo Compensador Agr\u00edcola\u201d<\/strong><\/em>, cerr\u00f3 Vega Espinoza.<\/p>\n<h3><strong>Requisitos de participaci\u00f3n<\/strong><\/h3>\n<ul>\n<li>Requisitos para unidades productivas.<\/li>\n<li>Hasta 60 hect\u00e1reas de superficie total por Unidad Productiva.<\/li>\n<li>Constancia de Inscripci\u00f3n en ARCA (emitida el mes anterior a la postulaci\u00f3n).<\/li>\n<li>La unidad productiva debe estar radicada en Mendoza.<\/li>\n<li>Constancia de cumplimiento fiscal emitida por ATM.<\/li>\n<li>Certificado de da\u00f1os emitido por la Direcci\u00f3n de Contingencias Clim\u00e1ticas.<\/li>\n<li>Acta Constitutiva de la Raz\u00f3n Social donde se indiquen los miembros de la misma.<\/li>\n<li>Constancias de RUT bajo el mismo CUIT de la Raz\u00f3n Social.<\/li>\n<li>Formulario 931 de ARCA de la Raz\u00f3n Social, emitida el mes anterior a la postulaci\u00f3n al Programa (hasta 60 trabajadores bajo la modalidad estipulada).<\/li>\n<li>N\u00f3mina Completa de la Raz\u00f3n Social, emitida el mes anterior a la postulaci\u00f3n al Programa (hasta 60 trabajadores bajo la modalidad estipulada).<\/li>\n<\/ul>\n<h3><strong>Requisitos para Trabajadores de Unidades Productivas<\/strong><\/h3>\n<ul>\n<li>Trabajadores o trabajadoras registradas.<\/li>\n<li>Ser mayor de 18 a\u00f1os.<\/li>\n<li>Residentes en la Provincia de Mendoza.<\/li>\n<li>Ser presentado por el due\u00f1o, responsable o apoderado legal de la unidad productiva que denuncie la contingencia clim\u00e1tica.<\/li>\n<li>Copia del \u00faltimo bono de sueldo.<\/li>\n<li>Ser titular de un CBU (no CVU).<\/li>\n<li>Adjuntar Copia de Alta en n\u00f3mina bajo la modalidad 08, 110 o 112.<\/li>\n<li>Cada postulante s\u00f3lo podr\u00e1 percibir un \u00fanico est\u00edmulo econ\u00f3mico al mes durante el per\u00edodo que dure su inclusi\u00f3n en el Programa.<\/li>\n<\/ul>\n<h2><strong>Inscripciones<\/strong><\/h2>\n<p>Todos los interesados en conocer m\u00e1s detalles del programa e inscribirse, podr\u00e1n hacerlo a trav\u00e9s del\u00a0<a href=\"https:\/\/www.mendoza.gov.ar\/economia\/\" data-type=\"URL\" data-id=\"https:\/\/www.mendoza.gov.ar\/economia\/\">portal web<\/a><\/p>\n<p>Tambi\u00e9n se ha dispuesto el contacto de Whatsapp 2613852534.<\/p>\n","protected":false},"excerpt":{"rendered":"<p>La iniciativa fue oficializada mediante el Decreto 1096, en el marco del Estado de Emergencia o Desastre Agropecuario. Ser\u00e1 gestionado por &#8230;<\/p>\n","protected":false},"author":7,"featured_media":148815,"comment_status":"open","ping_status":"open","sticky":false,"template":"","format":"standard","meta":{"footnotes":""},"categories":[5,14],"tags":[],"class_list":["post-148814","post","type-post","status-publish","format-standard","has-post-thumbnail","hentry","category-actualidad","category-agro"],"_links":{"self":[{"href":"https:\/\/vinasfm.com\/noticias\/wp-json\/wp\/v2\/posts\/148814","targetHints":{"allow":["GET"]}}],"collection":[{"href":"https:\/\/vinasfm.com\/noticias\/wp-json\/wp\/v2\/posts"}],"about":[{"href":"https:\/\/vinasfm.com\/noticias\/wp-json\/wp\/v2\/types\/post"}],"author":[{"embeddable":true,"href":"https:\/\/vinasfm.com\/noticias\/wp-json\/wp\/v2\/users\/7"}],"replies":[{"embeddable":true,"href":"https:\/\/vinasfm.com\/noticias\/wp-json\/wp\/v2\/comments?post=148814"}],"version-history":[{"count":1,"href":"https:\/\/vinasfm.com\/noticias\/wp-json\/wp\/v2\/posts\/148814\/revisions"}],"predecessor-version":[{"id":148816,"href":"https:\/\/vinasfm.com\/noticias\/wp-json\/wp\/v2\/posts\/148814\/revisions\/148816"}],"wp:featuredmedia":[{"embeddable":true,"href":"https:\/\/vinasfm.com\/noticias\/wp-json\/wp\/v2\/media\/148815"}],"wp:attachment":[{"href":"https:\/\/vinasfm.com\/noticias\/wp-json\/wp\/v2\/media?parent=148814"}],"wp:term":[{"taxonomy":"category","embeddable":true,"href":"https:\/\/vinasfm.com\/noticias\/wp-json\/wp\/v2\/categories?post=148814"},{"taxonomy":"post_tag","embeddable":true,"href":"https:\/\/vinasfm.com\/noticias\/wp-json\/wp\/v2\/tags?post=148814"}],"curies":[{"name":"wp","href":"https:\/\/api.w.org\/{rel}","templated":true}]}}