{"id":148795,"date":"2025-05-27T19:11:30","date_gmt":"2025-05-27T22:11:30","guid":{"rendered":"https:\/\/vinasfm.com\/noticias\/?p=148795"},"modified":"2025-05-28T10:07:25","modified_gmt":"2025-05-28T13:07:25","slug":"comenzo-la-venta-de-entradas-para-la-fiesta-de-la-cerveza-en-alvear","status":"publish","type":"post","link":"https:\/\/vinasfm.com\/noticias\/comenzo-la-venta-de-entradas-para-la-fiesta-de-la-cerveza-en-alvear\/","title":{"rendered":"COMENZ\u00d3 LA VENTA DE ENTRADAS PARA LA FIESTA DE LA CERVEZA EN ALVEAR"},"content":{"rendered":"<h4><span style=\"color: #003300;\"><strong>La Fiesta de la Cerveza se desarrollar\u00e1 el pr\u00f3ximo 27 de septiembre en el predio ferial de General Alvear y ya comenzaron las ventas de entradas, seg\u00fan confirm\u00f3 Mar\u00eda Delia Achetoni, directora de Cultura del municipio.<\/strong><\/span><\/h4>\n<p>El evento, que se perfila como uno de los m\u00e1s importantes del a\u00f1o en el departamento, incluir\u00e1 una programaci\u00f3n extensa con espect\u00e1culos en m\u00faltiples escenarios, oferta gastron\u00f3mica, cervecer\u00edas artesanales y actividades desde las 10 de la ma\u00f1ana hasta la medianoche.<\/p>\n<p><strong><em>\u201cDesde que se anunci\u00f3, la gente no ha dejado de consultar. Ya est\u00e1n disponibles las entradas en la boleter\u00eda del Teatro Antonio Lafalla, de mi\u00e9rcoles a domingo: los mi\u00e9rcoles, jueves y viernes en turnos de ma\u00f1ana y tarde; y los fines de semana, \u00fanicamente por la tarde\u201d<\/em><\/strong>, detall\u00f3 Achetoni. El valor general de la entrada es de 35.000 pesos.<\/p>\n<p>Tambi\u00e9n se pueden adquirir de forma online a trav\u00e9s de la plataforma Tiketeck, aunque en este caso el precio puede variar debido a los costos de servicio que aplica la empresa emisora.<\/p>\n<p>En cuanto a la organizaci\u00f3n del evento, Achetoni destac\u00f3 que se trabaja de forma articulada con el equipo de Cultura de la provincia de Mendoza. <strong><em>\u201cNos visit\u00f3 el subsecretario Diego Gareca con todo su equipo. Esta ser\u00e1 una fiesta de gran magnitud, con una importante log\u00edstica. Queremos que sea una jornada familiar que se pueda disfrutar desde temprano hasta la noche\u201d<\/em><\/strong>, afirm\u00f3.<\/p>\n<p>Por su parte, el secretario de Desarrollo, Hugo Molina, brind\u00f3 detalles sobre el proceso de inscripci\u00f3n para emprendedores y comerciantes interesados en participar con stands, food trucks o puestos de venta.<\/p>\n<p><strong><em>\u201cSe abri\u00f3 una preinscripci\u00f3n a trav\u00e9s del correo economiasocial@alvearmendoza.gob.ar. All\u00ed se solicita un formulario donde deben detallar qui\u00e9nes son, de d\u00f3nde provienen y qu\u00e9 actividad desarrollan\u201d<\/em><\/strong>, explic\u00f3 Molina. Los valores establecidos para los espacios son los siguientes:<\/p>\n<p>\u2022 Food trucks locales: $175.000<\/p>\n<p>\u2022 Food trucks for\u00e1neos: $350.000 (con inspecci\u00f3n bromatol\u00f3gica previa)<\/p>\n<p>\u2022 Gazebos 3&#215;3: $100.000<\/p>\n<p>\u2022 Puestos de cerveza artesanal: $300.000<\/p>\n<p>\u2022 Puestos de merchandising: $200.000<\/p>\n<p>La organizaci\u00f3n remarc\u00f3 que se dar\u00e1 prioridad a la seguridad alimentaria y el cumplimiento de las normas bromatol\u00f3gicas vigentes. Desde el municipio destacaron que el objetivo es ofrecer un evento de calidad, abierto a toda la comunidad y con propuestas para todas las edades.<\/p>\n","protected":false},"excerpt":{"rendered":"<p>La Fiesta de la Cerveza se desarrollar\u00e1 el pr\u00f3ximo 27 de septiembre en el predio ferial de General Alvear y ya &#8230;<\/p>\n","protected":false},"author":7,"featured_media":148427,"comment_status":"open","ping_status":"open","sticky":false,"template":"","format":"standard","meta":{"footnotes":""},"categories":[19,21],"tags":[],"class_list":["post-148795","post","type-post","status-publish","format-standard","has-post-thumbnail","hentry","category-cultura","category-turismo-2"],"_links":{"self":[{"href":"https:\/\/vinasfm.com\/noticias\/wp-json\/wp\/v2\/posts\/148795","targetHints":{"allow":["GET"]}}],"collection":[{"href":"https:\/\/vinasfm.com\/noticias\/wp-json\/wp\/v2\/posts"}],"about":[{"href":"https:\/\/vinasfm.com\/noticias\/wp-json\/wp\/v2\/types\/post"}],"author":[{"embeddable":true,"href":"https:\/\/vinasfm.com\/noticias\/wp-json\/wp\/v2\/users\/7"}],"replies":[{"embeddable":true,"href":"https:\/\/vinasfm.com\/noticias\/wp-json\/wp\/v2\/comments?post=148795"}],"version-history":[{"count":1,"href":"https:\/\/vinasfm.com\/noticias\/wp-json\/wp\/v2\/posts\/148795\/revisions"}],"predecessor-version":[{"id":148798,"href":"https:\/\/vinasfm.com\/noticias\/wp-json\/wp\/v2\/posts\/148795\/revisions\/148798"}],"wp:featuredmedia":[{"embeddable":true,"href":"https:\/\/vinasfm.com\/noticias\/wp-json\/wp\/v2\/media\/148427"}],"wp:attachment":[{"href":"https:\/\/vinasfm.com\/noticias\/wp-json\/wp\/v2\/media?parent=148795"}],"wp:term":[{"taxonomy":"category","embeddable":true,"href":"https:\/\/vinasfm.com\/noticias\/wp-json\/wp\/v2\/categories?post=148795"},{"taxonomy":"post_tag","embeddable":true,"href":"https:\/\/vinasfm.com\/noticias\/wp-json\/wp\/v2\/tags?post=148795"}],"curies":[{"name":"wp","href":"https:\/\/api.w.org\/{rel}","templated":true}]}}