{"id":148788,"date":"2025-05-27T18:54:40","date_gmt":"2025-05-27T21:54:40","guid":{"rendered":"https:\/\/vinasfm.com\/noticias\/?p=148788"},"modified":"2025-05-28T10:07:46","modified_gmt":"2025-05-28T13:07:46","slug":"vecinos-de-carmensa-ya-pueden-colaborar-con-el-nuevo-punto-compost","status":"publish","type":"post","link":"https:\/\/vinasfm.com\/noticias\/vecinos-de-carmensa-ya-pueden-colaborar-con-el-nuevo-punto-compost\/","title":{"rendered":"VECINOS DE CARMENSA YA PUEDEN COLABORAR CON EL NUEVO PUNTO COMPOST"},"content":{"rendered":"<h4><span style=\"color: #003300;\"><strong>En el marco del programa que lleva adelante Gesti\u00f3n Ambiental, se instal\u00f3 un nuevo Punto Compost, que se implementa en las escuelas buscando promover pr\u00e1cticas de manejo responsable de residuos org\u00e1nicos y mejorar la calidad del suelo a trav\u00e9s del compostaje.<\/strong><\/span><\/h4>\n<p>El proyecto naci\u00f3 a partir del trabajo realizado por estudiantes de escuelas del distrito, en particular de las escuelas: N\u00ba 1-236 Mar\u00eda Elena Arduino de Devoto y la escuela N\u00ba 1-504 Pedro Christophersen, quienes dieron los primeros pasos en esta propuesta ambiental con el objetivo de aportar al cuidado del entorno.<\/p>\n<p>El Punto Compost se encuentra ubicado detr\u00e1s de la Biblioteca de Carmensa, <strong>entre las calles San Mart\u00edn, Buenos Aires y Emilio Perusset.<\/strong> All\u00ed, los vecinos pueden depositar residuos org\u00e1nicos como c\u00e1scaras de frutas, restos de verduras y otros desperdicios biodegradables, que ser\u00e1n convertidos en abono natural \u00fatil para huertas y espacios verdes.<\/p>\n<p>Adem\u00e1s, se realiz\u00f3 una recorrida por los barrios del distrito, informando a los vecinos acerca del sistema de recolecci\u00f3n de residuos diferenciado, apostando al trabajo en conjunto.<\/p>\n<p>Desde la Delegaci\u00f3n, se invita a toda la comunidad a sumarse y colaborar activamente con esta iniciativa, que no solo representa un avance en educaci\u00f3n ambiental, sino que tambi\u00e9n refuerza el compromiso colectivo con el desarrollo sostenible del departamento.<\/p>\n","protected":false},"excerpt":{"rendered":"<p>En el marco del programa que lleva adelante Gesti\u00f3n Ambiental, se instal\u00f3 un nuevo Punto Compost, que se implementa en las &#8230;<\/p>\n","protected":false},"author":7,"featured_media":148789,"comment_status":"open","ping_status":"open","sticky":false,"template":"","format":"standard","meta":{"footnotes":""},"categories":[192,11],"tags":[],"class_list":["post-148788","post","type-post","status-publish","format-standard","has-post-thumbnail","hentry","category-gestion-ambiental","category-sociales"],"_links":{"self":[{"href":"https:\/\/vinasfm.com\/noticias\/wp-json\/wp\/v2\/posts\/148788","targetHints":{"allow":["GET"]}}],"collection":[{"href":"https:\/\/vinasfm.com\/noticias\/wp-json\/wp\/v2\/posts"}],"about":[{"href":"https:\/\/vinasfm.com\/noticias\/wp-json\/wp\/v2\/types\/post"}],"author":[{"embeddable":true,"href":"https:\/\/vinasfm.com\/noticias\/wp-json\/wp\/v2\/users\/7"}],"replies":[{"embeddable":true,"href":"https:\/\/vinasfm.com\/noticias\/wp-json\/wp\/v2\/comments?post=148788"}],"version-history":[{"count":1,"href":"https:\/\/vinasfm.com\/noticias\/wp-json\/wp\/v2\/posts\/148788\/revisions"}],"predecessor-version":[{"id":148790,"href":"https:\/\/vinasfm.com\/noticias\/wp-json\/wp\/v2\/posts\/148788\/revisions\/148790"}],"wp:featuredmedia":[{"embeddable":true,"href":"https:\/\/vinasfm.com\/noticias\/wp-json\/wp\/v2\/media\/148789"}],"wp:attachment":[{"href":"https:\/\/vinasfm.com\/noticias\/wp-json\/wp\/v2\/media?parent=148788"}],"wp:term":[{"taxonomy":"category","embeddable":true,"href":"https:\/\/vinasfm.com\/noticias\/wp-json\/wp\/v2\/categories?post=148788"},{"taxonomy":"post_tag","embeddable":true,"href":"https:\/\/vinasfm.com\/noticias\/wp-json\/wp\/v2\/tags?post=148788"}],"curies":[{"name":"wp","href":"https:\/\/api.w.org\/{rel}","templated":true}]}}