{"id":148751,"date":"2025-05-26T09:56:17","date_gmt":"2025-05-26T12:56:17","guid":{"rendered":"https:\/\/vinasfm.com\/noticias\/?p=148751"},"modified":"2025-05-27T09:22:31","modified_gmt":"2025-05-27T12:22:31","slug":"desde-el-municipio-realizan-mejoras-en-el-paraje-corral-de-lorca","status":"publish","type":"post","link":"https:\/\/vinasfm.com\/noticias\/desde-el-municipio-realizan-mejoras-en-el-paraje-corral-de-lorca\/","title":{"rendered":"DESDE EL MUNICIPIO REALIZAN MEJORAS EN EL PARAJE CORRAL DE LORCA"},"content":{"rendered":"<h4>La Subdirecci\u00f3n de Parajes y Distritos contin\u00faa desarrollando tareas esenciales en el paraje Corral de Lorca, con intervenciones que incluyen mejoras en infraestructura, abordaje social y acompa\u00f1amiento comunitario.<\/h4>\n<p>Cecilia Seniuk, encargada de Parajes y Distritos, destac\u00f3 el compromiso territorial: <em><strong>\u201choy nos encontramos ac\u00e1 en el paraje de Corral de Lorca, es algo que hacemos diariamente con todos los parajes, pero m\u00e1s all\u00e1 de eso, venimos haciendo un trabajo social importante, sobre todo comunitario\u201d<\/strong><\/em>.<\/p>\n<p>Entre las tareas abordadas se destacan aspectos clave como la limpieza del entorno, acceso a servicios b\u00e1sicos, conectividad, infraestructura y asistencia social directa a las familias, donde se encuentran relevamientos de necesidades b\u00e1sicas como la falta de tanques de agua en algunos hogares, situaci\u00f3n que se atiende de manera coordinada con el \u00c1rea de Contingencias Sociales y el \u00c1rea Departamental de Salud. Adem\u00e1s, se avanza en un plan de instalaci\u00f3n de c\u00e1maras comunitarias, en articulaci\u00f3n con el SAC, que apuntan tanto a la seguridad como al monitoreo social.<\/p>\n<p>Uno de los logros destacados es la reciente llegada de conectividad a internet libre en 2024, lo que marca un antes y un despu\u00e9s para la comunidad. Tambi\u00e9n se proyecta la colocaci\u00f3n de plazas recreativas en Corral de Lorca y Canalejas, en el marco de una propuesta para fortalecer los espacios de encuentro y recreaci\u00f3n en los parajes. Al respecto Seniuk remarc\u00f3: <em><strong>\u201ca pedido del intendente Alejandro Molero, vamos a instalar una plaza en Canalejas y otra aqu\u00ed en Corral de Lorca. Es parte de una propuesta que busca brindar m\u00e1s espacios p\u00fablicos para las familias\u201d<\/strong><\/em>.<\/p>\n<p>Para finalizar Seniuk expres\u00f3: <em><strong>\u201ces un trabajo diario, de muchos kil\u00f3metros y de mucha coordinaci\u00f3n<\/strong><\/em>\u201d, destacando el despliegue constante que se realiza, recorriendo largas distancias y articulando con distintas \u00e1reas, con el objetivo de garantizar derechos y mejorar la calidad de vida de quienes habitan en zonas alejadas.<\/p>\n","protected":false},"excerpt":{"rendered":"<p>La Subdirecci\u00f3n de Parajes y Distritos contin\u00faa desarrollando tareas esenciales en el paraje Corral de Lorca, con intervenciones que incluyen mejoras &#8230;<\/p>\n","protected":false},"author":7,"featured_media":148752,"comment_status":"open","ping_status":"open","sticky":false,"template":"","format":"standard","meta":{"footnotes":""},"categories":[5,29],"tags":[],"class_list":["post-148751","post","type-post","status-publish","format-standard","has-post-thumbnail","hentry","category-actualidad","category-obras-y-servicios"],"_links":{"self":[{"href":"https:\/\/vinasfm.com\/noticias\/wp-json\/wp\/v2\/posts\/148751","targetHints":{"allow":["GET"]}}],"collection":[{"href":"https:\/\/vinasfm.com\/noticias\/wp-json\/wp\/v2\/posts"}],"about":[{"href":"https:\/\/vinasfm.com\/noticias\/wp-json\/wp\/v2\/types\/post"}],"author":[{"embeddable":true,"href":"https:\/\/vinasfm.com\/noticias\/wp-json\/wp\/v2\/users\/7"}],"replies":[{"embeddable":true,"href":"https:\/\/vinasfm.com\/noticias\/wp-json\/wp\/v2\/comments?post=148751"}],"version-history":[{"count":1,"href":"https:\/\/vinasfm.com\/noticias\/wp-json\/wp\/v2\/posts\/148751\/revisions"}],"predecessor-version":[{"id":148753,"href":"https:\/\/vinasfm.com\/noticias\/wp-json\/wp\/v2\/posts\/148751\/revisions\/148753"}],"wp:featuredmedia":[{"embeddable":true,"href":"https:\/\/vinasfm.com\/noticias\/wp-json\/wp\/v2\/media\/148752"}],"wp:attachment":[{"href":"https:\/\/vinasfm.com\/noticias\/wp-json\/wp\/v2\/media?parent=148751"}],"wp:term":[{"taxonomy":"category","embeddable":true,"href":"https:\/\/vinasfm.com\/noticias\/wp-json\/wp\/v2\/categories?post=148751"},{"taxonomy":"post_tag","embeddable":true,"href":"https:\/\/vinasfm.com\/noticias\/wp-json\/wp\/v2\/tags?post=148751"}],"curies":[{"name":"wp","href":"https:\/\/api.w.org\/{rel}","templated":true}]}}