{"id":148749,"date":"2025-05-26T09:49:15","date_gmt":"2025-05-26T12:49:15","guid":{"rendered":"https:\/\/vinasfm.com\/noticias\/?p=148749"},"modified":"2025-05-26T11:25:19","modified_gmt":"2025-05-26T14:25:19","slug":"tras-reducir-subsidios-a-mas-de-15-000-usuarios-de-puerto-madero-el-gobierno-recorto-a-150-000-del-regimen-de-zona-fria","status":"publish","type":"post","link":"https:\/\/vinasfm.com\/noticias\/tras-reducir-subsidios-a-mas-de-15-000-usuarios-de-puerto-madero-el-gobierno-recorto-a-150-000-del-regimen-de-zona-fria\/","title":{"rendered":"TRAS REDUCIR SUBSIDIOS A M\u00c1S DE 15.000 USUARIOS DE PUERTO MADERO , EL GOBIERNO RECORT\u00d3 A 150.000 DEL R\u00c9GIMEN DE ZONA FR\u00cdA"},"content":{"rendered":"<h4 class=\"paragraph\" data-mrf-recirculation=\"Links inline\">El Gobierno redujo los subsidios energ\u00e9ticos\u00a0<b>del r\u00e9gimen de Zona Fr\u00eda<\/b>, a trav\u00e9s del cual se otorgan tarifas de gas diferenciales en la Patagonia. La decisi\u00f3n responde a que se detectaron inconsistencias a m\u00e1s de 150.000 beneficiarios, a los que el subsidio se les reducir\u00e1 del 50 al 30 por ciento.<\/h4>\n<p class=\"paragraph\" data-mrf-recirculation=\"Links inline\">B\u00e1sicamente, se detect\u00f3 que esos usuarios ten\u00edan dos o m\u00e1s medidores registrados en el r\u00e9gimen (unos 370.000 cuentas para 150.000 titulares), algo que para el gobierno los excluye de la condici\u00f3n de \u201cpoblaci\u00f3n vulnerable\u201d. .<\/p>\n<p class=\"paragraph\" data-mrf-recirculation=\"Links inline\">El anuncio surge luego de excluir del r\u00e9gimen de subsidios energ\u00e9ticos a\u00a015.500 usuarios de Puerto Madero, en la Ciudad de Buenos Aires, y de aquellos que viven en countries, clubes de campo y barrios cerrados. Para lograr el beneficio, 44% de estos se hab\u00eda categorizado como de ingresos bajos y 56% se consideraba de ingresos medios. Esto implicar\u00e1 un ahorro fiscal para el Estado de m\u00e1s de 3.000 millones de pesos en total.<\/p>\n<p class=\"paragraph\" data-mrf-recirculation=\"Links inline\">El r\u00e9gimen de Zona Fr\u00eda, se cre\u00f3 en 2002 mediante la Ley N\u00b0\u202f25.565, para subsidiar el gas en las regiones de la Patagonia, la Puna y Malarg\u00fce (Mendoza) con un descuento del 50\u202f% sobre la tarifa plena.<\/p>\n<p class=\"paragraph\" data-mrf-recirculation=\"Links inline\">En 2021, la Ley N\u00b0\u202f27.637 ampli\u00f3 el alcance del r\u00e9gimen a 231 departamentos, beneficiando a unos 4,3\u202fmillones de usuarios y prorrogando esta modalidad hasta el 31 de diciembre de 2031. Aqu\u00ed hab\u00eda dos tipos de usuarios: los gen\u00e9ricos que reciben un subsidio del 30% y aquellos en situaci\u00f3n de vulnerabilidad, con un 50%.<\/p>\n<p class=\"paragraph\" data-mrf-recirculation=\"Links inline\">El r\u00e9gimen es financiado a trav\u00e9s de un recargo sobre el precio del gas PIST pagado por todos los usuarios (sector residencial, comercial e industrial), motivo por el cual no requiere fondos del Tesoro Nacional.<\/p>\n<p class=\"paragraph\" data-mrf-recirculation=\"Links inline\">La secretaria de Energ\u00eda,\u00a0<b>Mar\u00eda Tettamanti,<\/b>\u00a0prorrog\u00f3 hasta el 31 de mayo el decreto 465 publicado el a\u00f1o pasado, que permit\u00eda cambios en los reg\u00edmenes para \u201casegurar una transici\u00f3n<b>\u00a0<\/b>que permita: trasladar a los usuarios los costos reales de la energ\u00eda, promover la eficiencia energ\u00e9tica y asegurar a los usuarios residenciales vulnerables el acceso al consumo indispensable de energ\u00eda\u201d.<\/p>\n<p data-mrf-recirculation=\"Links inline\">Seg\u00fan el m\u00e1s reciente informe sobre Tarifas y Subsidios UBA-Conicet, con los nuevos precios del gas PIST, y las bonificaciones en el precio del gas otorgadas a los segmentos N2 y N3, la cobertura de costos de abastecimiento del gas natural indica que en promedio el usuario residencial abona el 50% mientras el 50% del costo de abastecimiento es cubierto por el Estado nacional (ver abajo). Aunque esos datos reflejan un promedio nacional, no espec\u00edfico de \u201cZona Fr\u00eda\u201d.<\/p>\n<p class=\"paragraph\" data-mrf-recirculation=\"Links inline\">Seg\u00fan el reporte UBA-Conicet, en mayo la Canasta de Servicios P\u00fablicos aument\u00f3 16,8%, por mayores tarifas en todos los servicios p\u00fablicos e incremento estacional en las cantidades consumidas de electricidad y gas. En los \u00faltimos 12 meses esa canasta aument\u00f3 45%, igual que la variaci\u00f3n de la inflaci\u00f3n minorista.<\/p>\n<p class=\"paragraph\" data-mrf-recirculation=\"Links inline\">En el \u00faltimo a\u00f1o, la reducci\u00f3n real de los subsidios fue del 68%, debido a una ca\u00edda del 35% en los subsidios al transporte y del 77% a la energ\u00eda (electricidad y gas).<\/p>\n<p class=\"paragraph\" data-mrf-recirculation=\"Links inline\">El informe precisa tambi\u00e9n que desde diciembre de 2023 a mayo de 2024 el costo de la canasta de servicios p\u00fablicos del AMBA aument\u00f3 500% mientras que la inflaci\u00f3n fue del 149 por ciento.<\/p>\n<p class=\"paragraph\" data-mrf-recirculation=\"Links inline\">En mayo, adem\u00e1s, las tarifas aumentaron 3,7% (3% por cargo fijo, y 0,7% por variable), incremento que en las facturas se potencia por el aumento de las cantidades consumidas a medida que bajan las temperaturas y se reducen las horas de luz natural.<\/p>\n<p class=\"paragraph\" data-mrf-recirculation=\"Links inline\">Tettamanti, la secretaria de Energ\u00eda, apunta a evitar el \u201cderroche\u201d de energ\u00eda. Durante su actuaci\u00f3n en el sector privado sol\u00eda destacar un estudio de\u00a0<b>Salvador Gil<\/b>, experto en eficiencia energ\u00e9tica, que muestra que a similares condiciones clim\u00e1ticas, medidas por el indicador \u201cD\u00e9ficit Grado D\u00eda\u201d (s\u00edntesis del rigor del fr\u00edo y su extensi\u00f3n a lo largo del a\u00f1o), hogares de distintas lugares de la Argentina consum\u00edan muchos m\u00e1s m3 de gas que sus pares de ciudades europeas de clima comparable.<\/p>\n<p class=\"paragraph\" data-mrf-recirculation=\"Links inline\">La diferencia, tan marcada, no se debe tanto a la calidad t\u00e9rmica de las viviendas como a las tarifas aplicadas. \u201cParticularmente las ciudades argentinas al sur del r\u00edo Colorado, que reciben subsidios al gas que superan en m\u00e1s del doble los del resto del pa\u00eds, a igual DGD (d\u00e9ficit-grado-d\u00eda) poseen consumos de calefacci\u00f3n que triplican o cuadruplican los de las ciudades europeas\u201d, dice el estudio. En suma, \u201clos subsidios generalizados promueven el consumo y desincentivan la eficiencia o alternativas renovables\u201d, dice el estudio de Gil, que grafica esa ineficiencia o derroche (ver abajo).<\/p>\n<p class=\"paragraph\" data-mrf-recirculation=\"Links inline\">De hecho, consultado por Infobae, Gil, docente de la Universidad Nacional de San Mart\u00edn (Unsam) dijo que los subsidios de Zona Fr\u00eda merecen una revisi\u00f3n. \u201cYa en 2010-2012 eran un problema y en 2021 la distorsi\u00f3n se agrand\u00f3. A comienzos de 2024, los usuarios del sur (9% del total nacional) consumen el 29% del gas del pa\u00eds. En el sur hace m\u00e1s fr\u00edo, pero las condiciones clim\u00e1ticas solo explicar\u00edan un 18% del consumo total, no el 29%\u201d, precis\u00f3, y atribuy\u00f3 los 9 puntos de exceso a \u201cun uso no eficiente, promovido por los subsidios\u201d.<\/p>\n<div class=\"headline-wrapper\">\n<h2 class=\"header headline-class-h2\">Ant\u00edtesis<\/h2>\n<\/div>\n<p class=\"paragraph\" data-mrf-recirculation=\"Links inline\">La pol\u00edtica actual es la ant\u00edtesis de la pol\u00edtica energ\u00e9tica aplicada por el kirchnerismo, pese a que el 24 de diciembre de 2007, a poco de asumir su primera presidencia,<b>\u00a0Cristina Kirchner\u00a0<\/b>emiti\u00f3 el decreto 140, que declar\u00f3 \u201cde inter\u00e9s y prioridad nacional el uso racional y eficiente de la energ\u00eda\u201d.<\/p>\n<div class=\"undefined ad-wrapper\">\n<div class=\"dfpAd \">\n<div id=\"infobae\/economia\/nota\/undefined\" class=\"infobae\/economia\/nota\/undefined arcad\"><\/div>\n<\/div>\n<\/div>\n<p class=\"paragraph\" data-mrf-recirculation=\"Links inline\">Las tarifas y medidas, sin embargo, fueron a contramano del decreto. De 2008 a 2022 la Argentina gast\u00f3 el equivalente a USD 200.000 millones en subsidios a la Energ\u00eda y el Transporte y decenas de miles de millones en importaciones energ\u00e9ticas; de gas (por gasoductos, de Bolivia, y por barcos, de pa\u00edses tan lejanos como Argelia y Qatar), de combustibles l\u00edquidos (gasoil, fueloil) y de electricidad, desde Brasil.<\/p>\n<p class=\"paragraph\" data-mrf-recirculation=\"Links inline\">En agosto de 2013, ya en su segundo mandato, en un acto transmitido por cadena nacional desde R\u00edo Gallegos, Cristina Kirchner se jactaba de lo opuesto al \u201cuso racional y eficiente\u201d de la energ\u00eda. \u201c\u00bfSaben cu\u00e1ntos barriles por cabeza, por cabecita de argentino consumimos en la Argentina?\u201d, se preguntaba. Y respond\u00eda: \u201c2,53 barriles de petr\u00f3leo anuales. \u00bfSaben cu\u00e1nto consume Brasil, per c\u00e1pita barriles por a\u00f1o? 0,59; Chile, 0,89 y Brasil (se refer\u00eda a Uruguay) 0,92. O sea, que en la Argentina, per c\u00e1pita en consumo energ\u00e9tico, por as\u00ed decirlo, consumimos 329% m\u00e1s que Brasil, 184% m\u00e1s que Chile y 174% m\u00e1s que Uruguay\u201d, subrayaba,<\/p>\n<p data-mrf-recirculation=\"Links inline\">La entonces presidente comparaba as\u00ed el consumo argentino con el de Brasil, de PBI por habitante inferior, pero tama\u00f1o industrial muy superior, de Chile, de ingreso por habitante y clima comparables, por la extensa frontera longitudinal, y de Uruguay, que ya hab\u00eda iniciado su pol\u00edtica de precios energ\u00e9ticos a favor del ahorro y la inversi\u00f3n que hizo que hoy sea el pa\u00eds del mundo con m\u00e1s alto porcentaje de energ\u00eda de fuentes renovables.<\/p>\n","protected":false},"excerpt":{"rendered":"<p>El Gobierno redujo los subsidios energ\u00e9ticos\u00a0del r\u00e9gimen de Zona Fr\u00eda, a trav\u00e9s del cual se otorgan tarifas de gas diferenciales en &#8230;<\/p>\n","protected":false},"author":7,"featured_media":135356,"comment_status":"open","ping_status":"open","sticky":false,"template":"","format":"standard","meta":{"footnotes":""},"categories":[5,10],"tags":[],"class_list":["post-148749","post","type-post","status-publish","format-standard","has-post-thumbnail","hentry","category-actualidad","category-destacadas"],"_links":{"self":[{"href":"https:\/\/vinasfm.com\/noticias\/wp-json\/wp\/v2\/posts\/148749","targetHints":{"allow":["GET"]}}],"collection":[{"href":"https:\/\/vinasfm.com\/noticias\/wp-json\/wp\/v2\/posts"}],"about":[{"href":"https:\/\/vinasfm.com\/noticias\/wp-json\/wp\/v2\/types\/post"}],"author":[{"embeddable":true,"href":"https:\/\/vinasfm.com\/noticias\/wp-json\/wp\/v2\/users\/7"}],"replies":[{"embeddable":true,"href":"https:\/\/vinasfm.com\/noticias\/wp-json\/wp\/v2\/comments?post=148749"}],"version-history":[{"count":1,"href":"https:\/\/vinasfm.com\/noticias\/wp-json\/wp\/v2\/posts\/148749\/revisions"}],"predecessor-version":[{"id":148750,"href":"https:\/\/vinasfm.com\/noticias\/wp-json\/wp\/v2\/posts\/148749\/revisions\/148750"}],"wp:featuredmedia":[{"embeddable":true,"href":"https:\/\/vinasfm.com\/noticias\/wp-json\/wp\/v2\/media\/135356"}],"wp:attachment":[{"href":"https:\/\/vinasfm.com\/noticias\/wp-json\/wp\/v2\/media?parent=148749"}],"wp:term":[{"taxonomy":"category","embeddable":true,"href":"https:\/\/vinasfm.com\/noticias\/wp-json\/wp\/v2\/categories?post=148749"},{"taxonomy":"post_tag","embeddable":true,"href":"https:\/\/vinasfm.com\/noticias\/wp-json\/wp\/v2\/tags?post=148749"}],"curies":[{"name":"wp","href":"https:\/\/api.w.org\/{rel}","templated":true}]}}