{"id":148689,"date":"2025-05-23T10:59:37","date_gmt":"2025-05-23T13:59:37","guid":{"rendered":"https:\/\/vinasfm.com\/noticias\/?p=148689"},"modified":"2025-05-23T10:59:37","modified_gmt":"2025-05-23T13:59:37","slug":"embarazo-adolescente-aumentan-los-casos-en-relacion-al-2023","status":"publish","type":"post","link":"https:\/\/vinasfm.com\/noticias\/embarazo-adolescente-aumentan-los-casos-en-relacion-al-2023\/","title":{"rendered":"EMBARAZO ADOLESCENTE: AUMENTAN LOS CASOS EN RELACI\u00d3N AL 2023"},"content":{"rendered":"<h4><strong><span style=\"color: #003300;\">Mendoza registra un aumento de los embarazos en menores de 19 a\u00f1os en relaci\u00f3n a a\u00f1os anteriores.<\/span><\/strong><\/h4>\n<p>En medio de la difusi\u00f3n de la baja en la\u00a0<strong>tasa de natalidad<\/strong>\u00a0en Argentina, los datos del\u00a0<strong>embarazo adolescente<\/strong>\u00a0en la provincia de Mendoza van a contramano y registraron un aumento en relaci\u00f3n a a\u00f1os anteriores.\u00a0Seg\u00fan las cifras oficiales, se produjo un incremento\u00a0de casos en mujeres menores de 19 a\u00f1os con 1.566 nacimientos sobre un total de 18.541 nacidos vivos registrados en los a\u00f1os 2023 y 2024, es decir un\u00a08,44%. El crecimiento de la maternidad en adolescentes se da en un contexto de baja de la natalidad general.<\/p>\n<p>A pocos meses de asumir la presidencia, Javier Milei dispuso la reducci\u00f3n de la entrega de preservativos, m\u00e9todos anticonceptivos y medicamentos para la IVE (Interrupci\u00f3n Voluntaria del Embarazo) a las provincias. El impacto de esa medida en Mendoza comienza a vislumbrarse tras conocerse las cifras de embarazo adolescente.<\/p>\n<p>Durante el per\u00edodo del 2022\/2023, Mendoza tuvo un total de 20.051 nacimientos, de los cuales 1.552 correspondieron a mujeres menores de 19 a\u00f1os. De ese total 38 fueron menores de 15 a\u00f1os y 1.514 entre 15 y 19 a\u00f1os. En el periodo 2023\/2024, se produjo una disminuci\u00f3n en la tasa de natalidad ya que el total de nacimientos fue de 18.541. Sin embargo, hubo un aumento en la cantidad de embarazos adolescentes que llev\u00f3 el n\u00famero a 1.566 y se tiene en cuenta el promedio de embarazos, pas\u00f3 de 7,74% al 8,44% en un a\u00f1o.<\/p>\n<p><img decoding=\"async\" src=\"https:\/\/www.mdzol.com\/u\/fotografias\/m\/2020\/10\/4\/f768x1-965618_965745_4771.jpg\" \/><\/p>\n<p>A nivel nacional,\u00a0entre el tercer trimestre de 2023 y el mismo periodo de 2024, hubo una ca\u00edda del 64% en la distribuci\u00f3n de anticonceptivos,\u00a0preservativos y medicamentos para la Interrupci\u00f3n Voluntaria del Embarazo (IVE) en el marco del programa Desarrollo de la Salud Sexual y la Procreaci\u00f3n Responsable. Si se analiza el tercer trimestre del 2024, solo se distribuy\u00f3 el 9,1% de los preservativos planificados y no se entreg\u00f3 ning\u00fan tratamiento para IVE de los 100.400 programados.\u00a0La\u00a0desfinanciaci\u00f3n de un programa social clave\u00a0por parte del gobierno nacional tuvo un impacto en algunas provincias pero desde el gobierno provincial aseguran que\u00a0en Mendoza no hubo faltante\u00a0debido a compras que se realizaron desde el Ministerio de Salud local.<\/p>\n<p><em><strong>\u00a0\u00abAntes de que el Estado provincial comenzara a comprar\u00a0anticonceptivos,\u00a0recibimos de Naci\u00f3n solo 800 implantes cuando en la provincia necesitamos aproximadamente 10 mil para cubrir los requerimientos de las mujeres. Nos mandaron solamente el 10% de lo que necesitamos en implantes e inyecciones mensuales. Se realizaron al menos 15 expedientes para compras de anticonceptivos y no tuvimos problemas de stock en los centros de salud y hospitales\u00bb<\/strong><\/em>, cont\u00f3 la jefa del Programa de Salud Reproductiva, Johana Baz\u00e1n.<\/p>\n<p><em><strong>\u00abEl aumento en la tasa de embarazo adolescente\u00a0puede tener otras causas o factores\u00a0que incluyen la decisi\u00f3n personal de cada paciente\u00a0de dar continuidad a ese proceso. Obviamente informando acerca de los riesgos que conlleva un\u00a0embarazo adolescente que no solamente est\u00e1n vinculados a la salud sino que son psicosociales. Tenemos que garantizar a la paciente el derecho a decidir\u00bb<\/strong><\/em>, agreg\u00f3.<\/p>\n<p>Para hacer frente a ese faltante y teniendo en cuenta la demanda en los efectores p\u00fablicos de salud, desde la cartera sanitaria\u00a0provincial anunciaron la compra de un cargamento de implantes anticonceptivos que forma parte del acuerdo de importaci\u00f3n de medicamentos que vienen de la India\u00a0mediante el Fondo Estrat\u00e9gico de la Organizaci\u00f3n Panamericana de la Salud.<\/p>\n<p>En el caso de los implantes anticonceptivos,\u00a0los \u00abchip\u00bb que se usan frecuentemente como opci\u00f3n para prevenir embarazos (sobre todo en adolescentes), se espera la llegada de 12.500 unidades cuyo costo de importaci\u00f3n es de $133.709.500\u00a0mientras que el costo en el mercado, si se hubiera comprado nacionalmente, hubiera sido\u00a0de $1.137.375.000. Los anticonceptivos\u00a0eran parte de un programa nacional que fue discontinuado y la provincia ahora los va a adquirir a trav\u00e9s de la OPS.<\/p>\n","protected":false},"excerpt":{"rendered":"<p>Mendoza registra un aumento de los embarazos en menores de 19 a\u00f1os en relaci\u00f3n a a\u00f1os anteriores. En medio de la &#8230;<\/p>\n","protected":false},"author":7,"featured_media":148690,"comment_status":"open","ping_status":"open","sticky":false,"template":"","format":"standard","meta":{"footnotes":""},"categories":[1],"tags":[],"class_list":["post-148689","post","type-post","status-publish","format-standard","has-post-thumbnail","hentry","category-fmvinas"],"_links":{"self":[{"href":"https:\/\/vinasfm.com\/noticias\/wp-json\/wp\/v2\/posts\/148689","targetHints":{"allow":["GET"]}}],"collection":[{"href":"https:\/\/vinasfm.com\/noticias\/wp-json\/wp\/v2\/posts"}],"about":[{"href":"https:\/\/vinasfm.com\/noticias\/wp-json\/wp\/v2\/types\/post"}],"author":[{"embeddable":true,"href":"https:\/\/vinasfm.com\/noticias\/wp-json\/wp\/v2\/users\/7"}],"replies":[{"embeddable":true,"href":"https:\/\/vinasfm.com\/noticias\/wp-json\/wp\/v2\/comments?post=148689"}],"version-history":[{"count":1,"href":"https:\/\/vinasfm.com\/noticias\/wp-json\/wp\/v2\/posts\/148689\/revisions"}],"predecessor-version":[{"id":148691,"href":"https:\/\/vinasfm.com\/noticias\/wp-json\/wp\/v2\/posts\/148689\/revisions\/148691"}],"wp:featuredmedia":[{"embeddable":true,"href":"https:\/\/vinasfm.com\/noticias\/wp-json\/wp\/v2\/media\/148690"}],"wp:attachment":[{"href":"https:\/\/vinasfm.com\/noticias\/wp-json\/wp\/v2\/media?parent=148689"}],"wp:term":[{"taxonomy":"category","embeddable":true,"href":"https:\/\/vinasfm.com\/noticias\/wp-json\/wp\/v2\/categories?post=148689"},{"taxonomy":"post_tag","embeddable":true,"href":"https:\/\/vinasfm.com\/noticias\/wp-json\/wp\/v2\/tags?post=148689"}],"curies":[{"name":"wp","href":"https:\/\/api.w.org\/{rel}","templated":true}]}}