{"id":148675,"date":"2025-05-23T09:55:54","date_gmt":"2025-05-23T12:55:54","guid":{"rendered":"https:\/\/vinasfm.com\/noticias\/?p=148675"},"modified":"2025-05-24T10:18:26","modified_gmt":"2025-05-24T13:18:26","slug":"golpe-al-bolsillo-para-los-afiliados-de-prepagas-de-cuanto-sera-el-aumento","status":"publish","type":"post","link":"https:\/\/vinasfm.com\/noticias\/golpe-al-bolsillo-para-los-afiliados-de-prepagas-de-cuanto-sera-el-aumento\/","title":{"rendered":"AFILIADOS DE PREPAGAS: DE CU\u00c1NTO SER\u00c1 EL AUMENTO"},"content":{"rendered":"<p><strong><span style=\"color: #003300;\">La mayor\u00eda de las empresas de salud privada se ce\u00f1ir\u00e1n al mismo porcentaje.<\/span><\/strong><\/p>\n<p>Los afiliados a\u00a0<strong>prepagas<\/strong>\u00a0ver\u00e1n un nuevo<strong>\u00a0ajuste en sus cuotas de junio<\/strong>, aunque se tratar\u00e1 de un incremento m\u00e1s moderado que, en promedio,\u00a0<strong>ser\u00e1 de 2.5%<\/strong>, aline\u00e1ndose al \u00cdndice de Precios al Consumidor (IPC) del rubro Salud.<\/p>\n<p>Tras las presiones del Gobierno nacional,\u00a0<strong>los aumentos se regir\u00e1n por el IPC de Salud, que se ubic\u00f3 en 2,5%, y no por la inflaci\u00f3n general<\/strong>, seg\u00fan detall\u00f3 Clar\u00edn.<\/p>\n<p>De este modo, el Ejecutivo busca mayor transparencia, aunque el nuevo mecanismo de informaci\u00f3n a\u00fan no est\u00e1 completamente aceitado.<\/p>\n<h2 id=\"h-aumentos-controlados\" class=\"wp-block-heading\">Aumentos, controlados<\/h2>\n<p>Este porcentaje representa una diferencia respecto a la inflaci\u00f3n general (que fue del 2,8% en el \u00faltimo informe del INDEC), marcando la intenci\u00f3n del Ejecutivo de que los aumentos de las prepagas se rijan espec\u00edficamente por los costos del sector de la salud y no por la inflaci\u00f3n total.<\/p>\n<p>La mayor\u00eda de las compa\u00f1\u00edas se ce\u00f1ir\u00e1n a esta cifra, e incluso algunas aplicar\u00e1n subas por debajo de ese porcentaje.<\/p>\n<p>Asimismo, con el objetivo de lograr una mayor transparencia y control sobre los aumentos, el Gobierno resolvi\u00f3 que, a partir de ahora, las empresas de medicina prepaga deber\u00e1n\u00a0<strong>informar sus ajustes a la Superintendencia de Servicios de Salud antes de comunic\u00e1rselos a sus afiliados<\/strong>. Para ello, deber\u00e1n cargar los datos en una plataforma web espec\u00edfica.<\/p>\n<p>Sin embargo,\u00a0<strong>este nuevo mecanismo a\u00fan est\u00e1 en proceso de implementaci\u00f3n y ajuste<\/strong>. Se estima que, aunque ya es una obligaci\u00f3n, la informaci\u00f3n sobre los aumentos de julio ser\u00e1 la primera en estar completamente transparentada y disponible p\u00fablicamente a trav\u00e9s de esta nueva herramienta.<\/p>\n","protected":false},"excerpt":{"rendered":"<p>La mayor\u00eda de las empresas de salud privada se ce\u00f1ir\u00e1n al mismo porcentaje. Los afiliados a\u00a0prepagas\u00a0ver\u00e1n un nuevo\u00a0ajuste en sus cuotas &#8230;<\/p>\n","protected":false},"author":7,"featured_media":148676,"comment_status":"open","ping_status":"open","sticky":false,"template":"","format":"standard","meta":{"footnotes":""},"categories":[1],"tags":[],"class_list":["post-148675","post","type-post","status-publish","format-standard","has-post-thumbnail","hentry","category-fmvinas"],"_links":{"self":[{"href":"https:\/\/vinasfm.com\/noticias\/wp-json\/wp\/v2\/posts\/148675","targetHints":{"allow":["GET"]}}],"collection":[{"href":"https:\/\/vinasfm.com\/noticias\/wp-json\/wp\/v2\/posts"}],"about":[{"href":"https:\/\/vinasfm.com\/noticias\/wp-json\/wp\/v2\/types\/post"}],"author":[{"embeddable":true,"href":"https:\/\/vinasfm.com\/noticias\/wp-json\/wp\/v2\/users\/7"}],"replies":[{"embeddable":true,"href":"https:\/\/vinasfm.com\/noticias\/wp-json\/wp\/v2\/comments?post=148675"}],"version-history":[{"count":2,"href":"https:\/\/vinasfm.com\/noticias\/wp-json\/wp\/v2\/posts\/148675\/revisions"}],"predecessor-version":[{"id":148721,"href":"https:\/\/vinasfm.com\/noticias\/wp-json\/wp\/v2\/posts\/148675\/revisions\/148721"}],"wp:featuredmedia":[{"embeddable":true,"href":"https:\/\/vinasfm.com\/noticias\/wp-json\/wp\/v2\/media\/148676"}],"wp:attachment":[{"href":"https:\/\/vinasfm.com\/noticias\/wp-json\/wp\/v2\/media?parent=148675"}],"wp:term":[{"taxonomy":"category","embeddable":true,"href":"https:\/\/vinasfm.com\/noticias\/wp-json\/wp\/v2\/categories?post=148675"},{"taxonomy":"post_tag","embeddable":true,"href":"https:\/\/vinasfm.com\/noticias\/wp-json\/wp\/v2\/tags?post=148675"}],"curies":[{"name":"wp","href":"https:\/\/api.w.org\/{rel}","templated":true}]}}