{"id":148663,"date":"2025-05-23T09:37:26","date_gmt":"2025-05-23T12:37:26","guid":{"rendered":"https:\/\/vinasfm.com\/noticias\/?p=148663"},"modified":"2025-05-23T09:50:53","modified_gmt":"2025-05-23T12:50:53","slug":"mauricio-campos-director-de-habitat-sin-apoyo-nacional-mendoza-avanza-con-nuevos-modelos-de-vivienda-mas-accesibles","status":"publish","type":"post","link":"https:\/\/vinasfm.com\/noticias\/mauricio-campos-director-de-habitat-sin-apoyo-nacional-mendoza-avanza-con-nuevos-modelos-de-vivienda-mas-accesibles\/","title":{"rendered":"MAURICIO CAMPOS, DIRECTOR DE H\u00c1BITAT: \u201cSIN APOYO NACIONAL, MENDOZA AVANZA CON NUEVOS MODELOS DE VIVIENDA M\u00c1S ACCESIBLES\u201d"},"content":{"rendered":"<h4 data-start=\"126\" data-end=\"371\"><span style=\"color: #003300;\"><em data-start=\"126\" data-end=\"371\">En di\u00e1logo con FM VI\u00d1AS, el director de H\u00e1bitat del municipio, Mauricio Campos, abord\u00f3 la cr\u00edtica situaci\u00f3n de la obra p\u00fablica en el pa\u00eds y c\u00f3mo Mendoza ha logrado sostener programas habitacionales a pesar del corte de financiamiento nacional.<\/em><\/span><\/h4>\n<p data-start=\"373\" data-end=\"762\"><strong><em>\u201cDesde que el a\u00f1o pasado se cort\u00f3 la obra p\u00fablica a nivel nacional, nos vimos directamente afectados, sobre todo en lo que refiere a construcci\u00f3n de viviendas\u201d,<\/em><\/strong> expres\u00f3 Campos. Sin embargo, destac\u00f3 que la provincia de Mendoza, bajo la gesti\u00f3n del <span style=\"color: #003366;\"><strong>gobernador Alfredo Cornejo<\/strong><\/span>, decidi\u00f3 continuar con sus proyectos habitacionales: <em><strong>\u201cHay barrios en construcci\u00f3n y programas que siguen vigentes\u201d.<\/strong><\/em><\/p>\n<h2 data-start=\"764\" data-end=\"826\"><strong data-start=\"764\" data-end=\"826\">Viviendas m\u00e1s peque\u00f1as, pero con posibilidad de ampliaci\u00f3n<\/strong><\/h2>\n<p data-start=\"828\" data-end=\"1183\">Frente al aumento de costos, el funcionario explic\u00f3 que se han adaptado las tipolog\u00edas habitacionales para hacerlas m\u00e1s accesibles:<em><strong> \u201cEstamos acostumbrados a viviendas de 60 m\u00b2 con dos dormitorios, pero las nuevas propuestas, como la tipolog\u00eda CEPA, contemplan unidades de un dormitorio con posibilidad de ampliaci\u00f3n seg\u00fan las necesidades de cada familia\u201d.<\/strong><\/em><\/p>\n<p data-start=\"1185\" data-end=\"1348\">Esta nueva estrategia apunta a reducir costos sin perder calidad ni los requisitos t\u00e9cnicos fundamentales, facilitando as\u00ed el acceso a sectores con menos recursos.<\/p>\n<h2 data-start=\"1350\" data-end=\"1409\"><strong data-start=\"1350\" data-end=\"1409\">Barrio Alimentaci\u00f3n: un modelo de articulaci\u00f3n y ahorro<\/strong><\/h2>\n<p data-start=\"1411\" data-end=\"1682\">Uno de los proyectos destacados es el del <strong data-start=\"1453\" data-end=\"1476\">barrio Alimentaci\u00f3n<\/strong>, que contar\u00e1 con 38 viviendas. All\u00ed, la municipalidad, junto al sindicato de la alimentaci\u00f3n y mediante diversas gestiones, logr\u00f3 reducir de manera significativa el costo de urbanizaci\u00f3n para las familias.<\/p>\n<p data-start=\"1684\" data-end=\"2098\"><em><strong>\u201cCada frentista deb\u00eda aportar 11 millones y medio de pesos, una cifra inaccesible para muchas familias. Gracias al aporte municipal \u2014en maquinaria, mano de obra y materiales\u2014, se logr\u00f3 bajar el monto a entre 7 y 8 millones\u201d<\/strong><\/em>, detall\u00f3 Campos. Las obras contemplan redes de agua, cloaca, electricidad, cord\u00f3n cuneta, veredas y preparaci\u00f3n de la calzada para asfaltar, aunque el gas a\u00fan no est\u00e1 incluido en esta etapa.<\/p>\n<p data-start=\"2100\" data-end=\"2157\"><strong data-start=\"2100\" data-end=\"2157\">\u201cMejoro Mi Casa\u201d: una alternativa vigente y accesible<\/strong><\/p>\n<p data-start=\"2159\" data-end=\"2389\">Otro de los pilares del trabajo habitacional del municipio es el programa <strong data-start=\"2233\" data-end=\"2253\">\u201cMejoro Mi Casa\u201d<\/strong>, destinado a brindar soluciones habitacionales b\u00e1sicas como ba\u00f1os, techos, dormitorios o ampliaciones para situaciones de hacinamiento.<\/p>\n<p data-start=\"2391\" data-end=\"2725\"><strong><em>\u201cEl programa tiene seis tipolog\u00edas de intervenci\u00f3n y es muy accesible. Solo se requiere que la persona tenga la posesi\u00f3n del terreno y los servicios de agua y luz. No hace falta tener escritura para acceder\u201d<\/em><\/strong>, explic\u00f3 Campos. Adem\u00e1s, asegur\u00f3 que el programa ha sido federalizado y se implementa en todos los distritos del departamento.<\/p>\n<p data-start=\"2727\" data-end=\"2930\"><strong data-start=\"2727\" data-end=\"2766\">Sobre la situaci\u00f3n en zonas rurales<\/strong>, Campos afirm\u00f3 que el programa tambi\u00e9n se puede solicitar en el agro:<em><strong> \u201cLo hemos adaptado para que llegue a toda la poblaci\u00f3n, sin distinci\u00f3n entre ciudad y campo\u201d.<\/strong><\/em><\/p>\n<p data-start=\"2932\" data-end=\"3124\">Finalmente, aclar\u00f3 que el antiguo <strong data-start=\"2966\" data-end=\"2980\">plan Techo<\/strong> ya no est\u00e1 vigente, pero que las necesidades similares pueden ser abordadas a trav\u00e9s de intervenciones articuladas con el \u00e1rea de Contingencia.<\/p>\n","protected":false},"excerpt":{"rendered":"<p>En di\u00e1logo con FM VI\u00d1AS, el director de H\u00e1bitat del municipio, Mauricio Campos, abord\u00f3 la cr\u00edtica situaci\u00f3n de la obra p\u00fablica &#8230;<\/p>\n","protected":false},"author":7,"featured_media":148673,"comment_status":"open","ping_status":"open","sticky":false,"template":"","format":"standard","meta":{"footnotes":""},"categories":[1],"tags":[],"class_list":["post-148663","post","type-post","status-publish","format-standard","has-post-thumbnail","hentry","category-fmvinas"],"_links":{"self":[{"href":"https:\/\/vinasfm.com\/noticias\/wp-json\/wp\/v2\/posts\/148663","targetHints":{"allow":["GET"]}}],"collection":[{"href":"https:\/\/vinasfm.com\/noticias\/wp-json\/wp\/v2\/posts"}],"about":[{"href":"https:\/\/vinasfm.com\/noticias\/wp-json\/wp\/v2\/types\/post"}],"author":[{"embeddable":true,"href":"https:\/\/vinasfm.com\/noticias\/wp-json\/wp\/v2\/users\/7"}],"replies":[{"embeddable":true,"href":"https:\/\/vinasfm.com\/noticias\/wp-json\/wp\/v2\/comments?post=148663"}],"version-history":[{"count":1,"href":"https:\/\/vinasfm.com\/noticias\/wp-json\/wp\/v2\/posts\/148663\/revisions"}],"predecessor-version":[{"id":148665,"href":"https:\/\/vinasfm.com\/noticias\/wp-json\/wp\/v2\/posts\/148663\/revisions\/148665"}],"wp:featuredmedia":[{"embeddable":true,"href":"https:\/\/vinasfm.com\/noticias\/wp-json\/wp\/v2\/media\/148673"}],"wp:attachment":[{"href":"https:\/\/vinasfm.com\/noticias\/wp-json\/wp\/v2\/media?parent=148663"}],"wp:term":[{"taxonomy":"category","embeddable":true,"href":"https:\/\/vinasfm.com\/noticias\/wp-json\/wp\/v2\/categories?post=148663"},{"taxonomy":"post_tag","embeddable":true,"href":"https:\/\/vinasfm.com\/noticias\/wp-json\/wp\/v2\/tags?post=148663"}],"curies":[{"name":"wp","href":"https:\/\/api.w.org\/{rel}","templated":true}]}}