{"id":148622,"date":"2025-05-22T09:43:14","date_gmt":"2025-05-22T12:43:14","guid":{"rendered":"https:\/\/vinasfm.com\/noticias\/?p=148622"},"modified":"2025-05-23T10:02:44","modified_gmt":"2025-05-23T13:02:44","slug":"brindaron-una-capacitacion-en-cibercuidados-para-alumnos-de-la-escuela-el-ceibo","status":"publish","type":"post","link":"https:\/\/vinasfm.com\/noticias\/brindaron-una-capacitacion-en-cibercuidados-para-alumnos-de-la-escuela-el-ceibo\/","title":{"rendered":"BRINDARON UNA CAPACITACI\u00d3N EN CIBERCUIDADOS PARA ALUMNOS DE LA ESCUELA EL CEIBO"},"content":{"rendered":"<p><strong><span style=\"color: #003300;\">Con el objetivo de prevenir riesgos en el uso de tecnolog\u00edas y redes sociales, se llev\u00f3 a cabo una capacitaci\u00f3n sobre Cibercuidados en adolescentes, destinada a estudiantes de 2\u00ba y 3\u00ba a\u00f1o de la Escuela N\u00ba 4-179 El Ceibo.<\/span><\/strong><\/p>\n<p>La actividad se realiz\u00f3 de manera virtual, desde el Punto Digital ubicado en Bodega Fara\u00f3n, y cont\u00f3 con la participaci\u00f3n de especialistas nacionales que abordaron temas sensibles y de actualidad como el ciberbullying, grooming, sexting y estafas virtuales.<\/p>\n<p>La <em>directora de Familia<\/em>, <strong><span style=\"color: #003300;\">Gabriela Arzel\u00e1n<\/span><\/strong>, destac\u00f3 la importancia de la iniciativa:<strong><em> \u201cson temas que se ha instalado sobre todo en esa franja de los adolescentes y que nos tienen que preocupar a toda la sociedad, pero sobre todo nos llaman los docentes y tambi\u00e9n los padres en los barrios para que demos charlas, estamos informando para prevenir\u201d.<br \/>\n<\/em><\/strong><br \/>\nEl curso se dict\u00f3 en formato Zoom, <strong>permitiendo la interacci\u00f3n directa entre los estudiantes y los profesionales que capacitan desde Buenos Aires.<\/strong> Los j\u00f3venes pudieron participar activamente, realizar preguntas y compartir experiencias, favoreciendo un espacio de di\u00e1logo y reflexi\u00f3n sobre el uso responsable de las tecnolog\u00edas.<\/p>\n<p>Por su parte, <strong><span style=\"color: #003366;\">Laura Rojo<\/span><\/strong>, <em>regente de la Escuela El Ceibo<\/em>, valor\u00f3 positivamente la propuesta: <em><strong>\u201ces una iniciativa excelente para tratar bullying, ciberbullying, sexting, que son temas de la actualidad, lamentablemente, para los j\u00f3venes. Esta instancia es clave para que ellos tomen conciencia y vean las consecuencias de sus actos en el mundo digital\u201d.<\/strong><\/em><\/p>\n<p>Estas capacitaciones continuar\u00e1n con otros p\u00fablicos, incluyendo adultos mayores, quienes tambi\u00e9n ser\u00e1n instruidos sobre medidas preventivas frente a estafas digitales y fraudes en l\u00ednea, utilizando la misma modalidad virtual y gratuita.<\/p>\n","protected":false},"excerpt":{"rendered":"<p>Con el objetivo de prevenir riesgos en el uso de tecnolog\u00edas y redes sociales, se llev\u00f3 a cabo una capacitaci\u00f3n sobre &#8230;<\/p>\n","protected":false},"author":7,"featured_media":148623,"comment_status":"open","ping_status":"open","sticky":false,"template":"","format":"standard","meta":{"footnotes":""},"categories":[33,11],"tags":[],"class_list":["post-148622","post","type-post","status-publish","format-standard","has-post-thumbnail","hentry","category-seguridad","category-sociales"],"_links":{"self":[{"href":"https:\/\/vinasfm.com\/noticias\/wp-json\/wp\/v2\/posts\/148622","targetHints":{"allow":["GET"]}}],"collection":[{"href":"https:\/\/vinasfm.com\/noticias\/wp-json\/wp\/v2\/posts"}],"about":[{"href":"https:\/\/vinasfm.com\/noticias\/wp-json\/wp\/v2\/types\/post"}],"author":[{"embeddable":true,"href":"https:\/\/vinasfm.com\/noticias\/wp-json\/wp\/v2\/users\/7"}],"replies":[{"embeddable":true,"href":"https:\/\/vinasfm.com\/noticias\/wp-json\/wp\/v2\/comments?post=148622"}],"version-history":[{"count":2,"href":"https:\/\/vinasfm.com\/noticias\/wp-json\/wp\/v2\/posts\/148622\/revisions"}],"predecessor-version":[{"id":148633,"href":"https:\/\/vinasfm.com\/noticias\/wp-json\/wp\/v2\/posts\/148622\/revisions\/148633"}],"wp:featuredmedia":[{"embeddable":true,"href":"https:\/\/vinasfm.com\/noticias\/wp-json\/wp\/v2\/media\/148623"}],"wp:attachment":[{"href":"https:\/\/vinasfm.com\/noticias\/wp-json\/wp\/v2\/media?parent=148622"}],"wp:term":[{"taxonomy":"category","embeddable":true,"href":"https:\/\/vinasfm.com\/noticias\/wp-json\/wp\/v2\/categories?post=148622"},{"taxonomy":"post_tag","embeddable":true,"href":"https:\/\/vinasfm.com\/noticias\/wp-json\/wp\/v2\/tags?post=148622"}],"curies":[{"name":"wp","href":"https:\/\/api.w.org\/{rel}","templated":true}]}}