{"id":148615,"date":"2025-05-22T08:41:35","date_gmt":"2025-05-22T11:41:35","guid":{"rendered":"https:\/\/vinasfm.com\/noticias\/?p=148615"},"modified":"2025-05-23T10:03:17","modified_gmt":"2025-05-23T13:03:17","slug":"asesinatos-y-robos-en-mendoza-el-informe-nacional-que-desperto-el-malestar-en-el-ministerio-de-seguridad","status":"publish","type":"post","link":"https:\/\/vinasfm.com\/noticias\/asesinatos-y-robos-en-mendoza-el-informe-nacional-que-desperto-el-malestar-en-el-ministerio-de-seguridad\/","title":{"rendered":"ASESINATOS Y ROBOS EN MENDOZA: EL INFORME NACIONAL QUE DESPERT\u00d3 EL MALESTAR EN EL MINISTERIO DE SEGURIDAD"},"content":{"rendered":"<p><strong><span style=\"color: #003300;\">Un estudio de la cartera que tiene a Patricia Bullrich como titular destac\u00f3 algunas situaciones de la criminalidad en la provincia y la reacci\u00f3n local no tard\u00f3 en llegar.<\/span><\/strong><\/p>\n<p>El \u00faltimo informe del\u00a0<strong>Ministerio de Seguridad de la Naci\u00f3n<\/strong>\u00a0relativo a 2024 revel\u00f3 este mi\u00e9rcoles que la tasa de homicidios dolosos en Mendoza fue de 3,4 cada 100.000 habitantes. El dato fue contrastado en la cartera provincial a cargo de Mercedes Rus, desde donde consideraron que, si bien dieron fe de la veracidad de las estad\u00edsticas nacionales, las comparaciones\u00a0<em><strong>\u201cson injustas y la naturaleza de los datos tienen que ver m\u00e1s con cuestiones pol\u00edticas que informativas\u201d<\/strong>,\u00a0<\/em>por las cifras que aportaron otras provincias, sentenciaron.<\/p>\n<p>Las estad\u00edsticas del Sistema Nacional de Informaci\u00f3n Criminal fueron publicadas por la ministra de Seguridad de la Naci\u00f3n,\u00a0<strong>Patricia Bullrich<\/strong>. El estudio ejecutivo expuso cifras de distintos delitos en las provincias.<\/p>\n<p>En\u00a0<strong>Mendoza<\/strong>, la evaluaci\u00f3n destac\u00f3 que aquellos delitos que m\u00e1s variaciones presentaron fueron, adem\u00e1s de los homicidios dolosos, el contrabando y aquellos contra la integridad sexual.<\/p>\n<h2 id=\"h-el-informe-nacional\" class=\"wp-block-heading\">\nEl informe nacional<\/h2>\n<p>M\u00e1s de 2 millones de hechos delictivos fueron registrados y utilizados para la conformaci\u00f3n de este informe de\u00a0<strong>criminalidad\u00a0<\/strong>del a\u00f1o 2024 en todo el pa\u00eds.<\/p>\n<ul class=\"wp-block-list\">\n<li><strong>Homicidios dolosos<\/strong><\/li>\n<\/ul>\n<p>Los datos marcaron que en Mendoza\u00a0<strong>hubo 5 asesinatos m\u00e1s que en 2023<\/strong>, lo que llev\u00f3 la cifra del a\u00f1o pasado a\u00a0<strong>71 homicidios, con una tasa de 3,4 (cada 100.000 individuos)<\/strong>. Este n\u00famero ya hab\u00eda sido publicado por el propio Ministerio de Seguridad de Mendoza en diciembre de 2024.<\/p>\n<p>En aquel informe local tambi\u00e9n explicaron los motivos de los homicidios:<\/p>\n<aside class=\"scaip scaip-2    \"><\/aside>\n<figure class=\"wp-block-image size-full\"><img loading=\"lazy\" decoding=\"async\" class=\"wp-image-2102495\" src=\"https:\/\/i0.wp.com\/www.elsol.com.ar\/wp-content\/uploads\/2025\/05\/fwecd-4.png?resize=510%2C190&amp;ssl=1\" sizes=\"auto, (max-width: 510px) 100vw, 510px\" srcset=\"https:\/\/i0.wp.com\/www.elsol.com.ar\/wp-content\/uploads\/2025\/05\/fwecd-4.png?w=510&amp;ssl=1 510w, https:\/\/i0.wp.com\/www.elsol.com.ar\/wp-content\/uploads\/2025\/05\/fwecd-4.png?resize=300%2C112&amp;ssl=1 300w, https:\/\/i0.wp.com\/www.elsol.com.ar\/wp-content\/uploads\/2025\/05\/fwecd-4.png?resize=400%2C149&amp;ssl=1 400w, https:\/\/i0.wp.com\/www.elsol.com.ar\/wp-content\/uploads\/2025\/05\/fwecd-4.png?w=370&amp;ssl=1 370w\" alt=\"\" width=\"510\" height=\"190\" data-recalc-dims=\"1\" \/><\/figure>\n<figure class=\"wp-block-image size-full is-resized\"><img loading=\"lazy\" decoding=\"async\" class=\"wp-image-2102569\" src=\"https:\/\/i0.wp.com\/www.elsol.com.ar\/wp-content\/uploads\/2025\/05\/image-99.png?resize=704%2C718&amp;ssl=1\" sizes=\"auto, (max-width: 704px) 100vw, 704px\" srcset=\"https:\/\/i0.wp.com\/www.elsol.com.ar\/wp-content\/uploads\/2025\/05\/image-99.png?w=704&amp;ssl=1 704w, https:\/\/i0.wp.com\/www.elsol.com.ar\/wp-content\/uploads\/2025\/05\/image-99.png?resize=294%2C300&amp;ssl=1 294w, https:\/\/i0.wp.com\/www.elsol.com.ar\/wp-content\/uploads\/2025\/05\/image-99.png?resize=400%2C408&amp;ssl=1 400w, https:\/\/i0.wp.com\/www.elsol.com.ar\/wp-content\/uploads\/2025\/05\/image-99.png?w=370&amp;ssl=1 370w\" alt=\"\" width=\"704\" height=\"718\" data-recalc-dims=\"1\" \/><\/figure>\n<ul class=\"wp-block-list\">\n<li><strong>Delitos contra la integridad sexual<\/strong><\/li>\n<\/ul>\n<p>Dentro de esta categor\u00eda de delitos de instancia privada, est\u00e1n tipificados los abusos sexuales (simples y agravados), entre otros.<\/p>\n<p>El informe nacional expuso que Mendoza fue la segunda con mayores mejoras:\u00a0<strong>la tasa se redujo en un 23,8% de un a\u00f1o a otro.<\/strong><\/p>\n<p>Sin embargo, en comparaci\u00f3n con otras provincias,\u00a0<strong>Mendoza destaca entre las que m\u00e1s presentan este tipo de casos. Solo es superada por Jujuy y queda apenas por delante de Tierra del Fuego.<\/strong><\/p>\n<aside class=\"scaip scaip-3    \"><\/aside>\n<p>Desde la cartera de calle Salta de Godoy Cruz aseguraron que esto se debe a que en todo el territorio se hacen muchas m\u00e1s denuncias que en otras jurisdicciones del pa\u00eds, por lo que entienden que en otras provincias gran cantidad de casos no terminan siendo judicializados.<\/p>\n<figure class=\"wp-block-image size-full\"><img loading=\"lazy\" decoding=\"async\" class=\"wp-image-2102568\" src=\"https:\/\/i0.wp.com\/www.elsol.com.ar\/wp-content\/uploads\/2025\/05\/image-98.png?resize=779%2C819&amp;ssl=1\" sizes=\"auto, (max-width: 779px) 100vw, 779px\" srcset=\"https:\/\/i0.wp.com\/www.elsol.com.ar\/wp-content\/uploads\/2025\/05\/image-98.png?w=779&amp;ssl=1 779w, https:\/\/i0.wp.com\/www.elsol.com.ar\/wp-content\/uploads\/2025\/05\/image-98.png?resize=285%2C300&amp;ssl=1 285w, https:\/\/i0.wp.com\/www.elsol.com.ar\/wp-content\/uploads\/2025\/05\/image-98.png?resize=768%2C807&amp;ssl=1 768w, https:\/\/i0.wp.com\/www.elsol.com.ar\/wp-content\/uploads\/2025\/05\/image-98.png?resize=400%2C421&amp;ssl=1 400w, https:\/\/i0.wp.com\/www.elsol.com.ar\/wp-content\/uploads\/2025\/05\/image-98.png?w=370&amp;ssl=1 370w\" alt=\"\" width=\"779\" height=\"819\" data-recalc-dims=\"1\" \/><\/figure>\n<ul class=\"wp-block-list\">\n<li><strong>Contrabando<\/strong><\/li>\n<\/ul>\n<p>El informe nacional detall\u00f3 que la tasa de estos delitos lleg\u00f3 a\u00a0<strong>22,2 cada 100.000 habitantes, un aumento del 50,6%<\/strong>. No obstante, las autoridades mendocinas volvieron a refutar este punto, porque explicaron el informe de Bullrich agrup\u00f3\u00a0<strong>los delitos de contrabando simple, agravado y de estupefacientes.<\/strong><\/p>\n<p>A pesar del aumento, la provincia qued\u00f3 en gran medida por detr\u00e1s de otras como Formosa (tasa de 308,2), Salta (tasa de 273,9) o Jujuy (tasa de 178,6).<\/p>\n<aside class=\"scaip scaip-4    \"><\/aside>\n<p>El aumento del 50,6% supone que, de los 307 casos recopilados entre las tres variantes en 2023, en el 2024 la cifra aument\u00f3 a 462 hechos de contrabando.<\/p>\n<figure class=\"wp-block-image size-full\"><img loading=\"lazy\" decoding=\"async\" class=\"wp-image-2102562\" src=\"https:\/\/i0.wp.com\/www.elsol.com.ar\/wp-content\/uploads\/2025\/05\/image-93.png?resize=780%2C807&amp;ssl=1\" sizes=\"auto, (max-width: 780px) 100vw, 780px\" srcset=\"https:\/\/i0.wp.com\/www.elsol.com.ar\/wp-content\/uploads\/2025\/05\/image-93.png?w=802&amp;ssl=1 802w, https:\/\/i0.wp.com\/www.elsol.com.ar\/wp-content\/uploads\/2025\/05\/image-93.png?resize=290%2C300&amp;ssl=1 290w, https:\/\/i0.wp.com\/www.elsol.com.ar\/wp-content\/uploads\/2025\/05\/image-93.png?resize=768%2C795&amp;ssl=1 768w, https:\/\/i0.wp.com\/www.elsol.com.ar\/wp-content\/uploads\/2025\/05\/image-93.png?resize=780%2C807&amp;ssl=1 780w, https:\/\/i0.wp.com\/www.elsol.com.ar\/wp-content\/uploads\/2025\/05\/image-93.png?resize=400%2C414&amp;ssl=1 400w, https:\/\/i0.wp.com\/www.elsol.com.ar\/wp-content\/uploads\/2025\/05\/image-93.png?w=370&amp;ssl=1 370w\" alt=\"\" width=\"780\" height=\"807\" data-recalc-dims=\"1\" \/><\/figure>\n<ul class=\"wp-block-list\">\n<li><strong>Tenencia de estupefacientes y narcomenudeo<\/strong><\/li>\n<\/ul>\n<p>Respecto a la tenencia de sustancias y narcomenudeo,\u00a0<strong>Mendoza redujo sus casos en un 31,8%,\u00a0<\/strong>con una tasa de 174,2 hechos cada 100.000 personas.<\/p>\n<p>Al unificar todas las variantes marcadas en el informe oficial del 2023 (5.237 hechos), el resultado para este apartado en el 2024 fue de 3.571 hechos registrados.<\/p>\n<figure class=\"wp-block-image size-full\"><img loading=\"lazy\" decoding=\"async\" class=\"wp-image-2102565\" src=\"https:\/\/i0.wp.com\/www.elsol.com.ar\/wp-content\/uploads\/2025\/05\/image-95.png?resize=780%2C782&amp;ssl=1\" sizes=\"auto, (max-width: 780px) 100vw, 780px\" srcset=\"https:\/\/i0.wp.com\/www.elsol.com.ar\/wp-content\/uploads\/2025\/05\/image-95.png?w=791&amp;ssl=1 791w, https:\/\/i0.wp.com\/www.elsol.com.ar\/wp-content\/uploads\/2025\/05\/image-95.png?resize=300%2C300&amp;ssl=1 300w, https:\/\/i0.wp.com\/www.elsol.com.ar\/wp-content\/uploads\/2025\/05\/image-95.png?resize=150%2C150&amp;ssl=1 150w, https:\/\/i0.wp.com\/www.elsol.com.ar\/wp-content\/uploads\/2025\/05\/image-95.png?resize=768%2C770&amp;ssl=1 768w, https:\/\/i0.wp.com\/www.elsol.com.ar\/wp-content\/uploads\/2025\/05\/image-95.png?resize=400%2C401&amp;ssl=1 400w, https:\/\/i0.wp.com\/www.elsol.com.ar\/wp-content\/uploads\/2025\/05\/image-95.png?resize=200%2C200&amp;ssl=1 200w, https:\/\/i0.wp.com\/www.elsol.com.ar\/wp-content\/uploads\/2025\/05\/image-95.png?resize=780%2C782&amp;ssl=1 780w, https:\/\/i0.wp.com\/www.elsol.com.ar\/wp-content\/uploads\/2025\/05\/image-95.png?w=370&amp;ssl=1 370w\" alt=\"\" width=\"780\" height=\"782\" data-recalc-dims=\"1\" \/><\/figure>\n<ul class=\"wp-block-list\">\n<li><strong>Robos<\/strong><\/li>\n<\/ul>\n<p>Adem\u00e1s de no especificar en las condiciones del robo, no se dieron muchos datos de la situaci\u00f3n en la provincia. El estudio nacional se limit\u00f3 a se\u00f1alar que<strong>\u00a0la tasa de este tipo de delitos fue de 1.511,1 cada 100.000 habitantes.<\/strong><\/p>\n<p><strong>Este dato significa una leve baja con los datos del a\u00f1o anterior<\/strong>, donde la tasa fue de 1.528,4 y la cantidad de delitos registrados fue de 31.324. La conversi\u00f3n da como resultado 30.872 robos cometidos en 2024.<\/p>\n<figure class=\"wp-block-image size-full\"><img loading=\"lazy\" decoding=\"async\" class=\"wp-image-2102566\" src=\"https:\/\/i0.wp.com\/www.elsol.com.ar\/wp-content\/uploads\/2025\/05\/image-96.png?resize=774%2C784&amp;ssl=1\" sizes=\"auto, (max-width: 774px) 100vw, 774px\" srcset=\"https:\/\/i0.wp.com\/www.elsol.com.ar\/wp-content\/uploads\/2025\/05\/image-96.png?w=774&amp;ssl=1 774w, https:\/\/i0.wp.com\/www.elsol.com.ar\/wp-content\/uploads\/2025\/05\/image-96.png?resize=296%2C300&amp;ssl=1 296w, https:\/\/i0.wp.com\/www.elsol.com.ar\/wp-content\/uploads\/2025\/05\/image-96.png?resize=768%2C778&amp;ssl=1 768w, https:\/\/i0.wp.com\/www.elsol.com.ar\/wp-content\/uploads\/2025\/05\/image-96.png?resize=400%2C405&amp;ssl=1 400w, https:\/\/i0.wp.com\/www.elsol.com.ar\/wp-content\/uploads\/2025\/05\/image-96.png?w=370&amp;ssl=1 370w\" alt=\"\" width=\"774\" height=\"784\" data-recalc-dims=\"1\" \/><\/figure>\n<ul class=\"wp-block-list\">\n<li><strong>Trata de personas<\/strong><\/li>\n<\/ul>\n<p>La trata de personas es un delito con poca presencia en la provincia. Aunque aqu\u00ed los datos tambi\u00e9n son escuetos, donde solo se indic\u00f3 que\u00a0<strong>la tasa en Mendoza fue de 0,3<\/strong>. El detalle m\u00e1s completo, de 2023, indic\u00f3 que los casos registrados en el territorio provincial fueron tan solo 9, lo que implic\u00f3 una tasa de 0,44.<\/p>\n<figure class=\"wp-block-image size-full\"><img loading=\"lazy\" decoding=\"async\" class=\"wp-image-2102573\" src=\"https:\/\/i0.wp.com\/www.elsol.com.ar\/wp-content\/uploads\/2025\/05\/image-100.png?resize=778%2C822&amp;ssl=1\" sizes=\"auto, (max-width: 778px) 100vw, 778px\" srcset=\"https:\/\/i0.wp.com\/www.elsol.com.ar\/wp-content\/uploads\/2025\/05\/image-100.png?w=778&amp;ssl=1 778w, https:\/\/i0.wp.com\/www.elsol.com.ar\/wp-content\/uploads\/2025\/05\/image-100.png?resize=284%2C300&amp;ssl=1 284w, https:\/\/i0.wp.com\/www.elsol.com.ar\/wp-content\/uploads\/2025\/05\/image-100.png?resize=768%2C811&amp;ssl=1 768w, https:\/\/i0.wp.com\/www.elsol.com.ar\/wp-content\/uploads\/2025\/05\/image-100.png?resize=400%2C423&amp;ssl=1 400w, https:\/\/i0.wp.com\/www.elsol.com.ar\/wp-content\/uploads\/2025\/05\/image-100.png?w=370&amp;ssl=1 370w\" alt=\"\" width=\"778\" height=\"822\" data-recalc-dims=\"1\" \/><\/figure>\n<h2 id=\"h-la-reaccion-en-el-ministerio-de-mercedes-rus\" class=\"wp-block-heading\">La reacci\u00f3n en el ministerio de Mercedes Rus<\/h2>\n<p>Ante la consulta de\u00a0<em><strong>El Sol<\/strong><\/em>, fuentes del Ministerio de Seguridad de Mendoza compartieron su desconfianza, no con los datos que presentaron sobre la provincia, sino sobre la forma en que cuantificaron a las otras jurisdicciones y el motivo de ser de esta publicaci\u00f3n.<\/p>\n<p>En el Gobierno definieron que las comparaciones no son parejas, ya que en otras provincias los datos no son registrados con los mismos est\u00e1ndares que en\u00a0<strong>Mendoza<\/strong>. Adem\u00e1s, las agrupaciones en varios tipos de delitos tambi\u00e9n gener\u00f3 interrogantes.<\/p>\n<p>Por otro lado, advirtieron que la publicaci\u00f3n de este tipo de informes se corresponden principalmente con intereses pol\u00edticos y no informativos.<\/p>\n<p>Pusieron como ejemplo las cifras de robos por provincia, compartidas en febrero de este a\u00f1o, que -seg\u00fan el argumento del Ejecutivo local- fue utilizada por la Naci\u00f3n como un arma pol\u00edtica para afectar a la imagen de la Ciudad de Buenos Aires, y por ende, al PRO.<\/p>\n<figure class=\"wp-block-image size-large\"><img loading=\"lazy\" decoding=\"async\" class=\"wp-image-2102560\" src=\"https:\/\/i0.wp.com\/www.elsol.com.ar\/wp-content\/uploads\/2025\/05\/oujikn.png?resize=780%2C922&amp;ssl=1\" sizes=\"auto, (max-width: 780px) 100vw, 780px\" srcset=\"https:\/\/i0.wp.com\/www.elsol.com.ar\/wp-content\/uploads\/2025\/05\/oujikn.png?resize=866%2C1024&amp;ssl=1 866w, https:\/\/i0.wp.com\/www.elsol.com.ar\/wp-content\/uploads\/2025\/05\/oujikn.png?resize=254%2C300&amp;ssl=1 254w, https:\/\/i0.wp.com\/www.elsol.com.ar\/wp-content\/uploads\/2025\/05\/oujikn.png?resize=768%2C908&amp;ssl=1 768w, https:\/\/i0.wp.com\/www.elsol.com.ar\/wp-content\/uploads\/2025\/05\/oujikn.png?resize=780%2C923&amp;ssl=1 780w, https:\/\/i0.wp.com\/www.elsol.com.ar\/wp-content\/uploads\/2025\/05\/oujikn.png?resize=400%2C473&amp;ssl=1 400w, https:\/\/i0.wp.com\/www.elsol.com.ar\/wp-content\/uploads\/2025\/05\/oujikn.png?w=1006&amp;ssl=1 1006w, https:\/\/i0.wp.com\/www.elsol.com.ar\/wp-content\/uploads\/2025\/05\/oujikn-866x1024.png?w=370&amp;ssl=1 370w\" alt=\"\" width=\"780\" height=\"922\" data-recalc-dims=\"1\" \/><figcaption class=\"wp-element-caption\">Ranking publicado por el Gobierno nacional en febrero.<\/figcaption><\/figure>\n<p>En la cartera tambi\u00e9n marcaron recelo porque Bullrich no convoc\u00f3 a formar ning\u00fan consejo de seguridad con las jurisdicciones -hubo varias suspensiones- y no hay certeza de cu\u00e1ndo volver\u00e1 a realizarse alguna reuni\u00f3n. Este \u00e1mbito tiene su valor, porque iba a aplicar un sistema de certificaci\u00f3n a las provincias sobre los datos delictivos.\u00a0<strong>En Mendoza est\u00e1n seguros de lograr esta certificaci\u00f3n.<\/strong><\/p>\n<p>El malestar de la Provincia no termina all\u00ed, debido a que todav\u00eda no se cumple con la promesa del env\u00edo de m\u00e1s polic\u00edas federales a\u00a0<strong>Mendoza<\/strong>. Ya se hab\u00eda destinado dinero, insumos y un edificio ubicado frente a la Municipalidad de Guaymall\u00e9n, pero los efectivos no han llegado a la jurisdicci\u00f3n, revelaron.<\/p>\n","protected":false},"excerpt":{"rendered":"<p>Un estudio de la cartera que tiene a Patricia Bullrich como titular destac\u00f3 algunas situaciones de la criminalidad en la provincia &#8230;<\/p>\n","protected":false},"author":7,"featured_media":148616,"comment_status":"open","ping_status":"open","sticky":false,"template":"","format":"standard","meta":{"footnotes":""},"categories":[22,33],"tags":[],"class_list":["post-148615","post","type-post","status-publish","format-standard","has-post-thumbnail","hentry","category-justicia","category-seguridad"],"_links":{"self":[{"href":"https:\/\/vinasfm.com\/noticias\/wp-json\/wp\/v2\/posts\/148615","targetHints":{"allow":["GET"]}}],"collection":[{"href":"https:\/\/vinasfm.com\/noticias\/wp-json\/wp\/v2\/posts"}],"about":[{"href":"https:\/\/vinasfm.com\/noticias\/wp-json\/wp\/v2\/types\/post"}],"author":[{"embeddable":true,"href":"https:\/\/vinasfm.com\/noticias\/wp-json\/wp\/v2\/users\/7"}],"replies":[{"embeddable":true,"href":"https:\/\/vinasfm.com\/noticias\/wp-json\/wp\/v2\/comments?post=148615"}],"version-history":[{"count":1,"href":"https:\/\/vinasfm.com\/noticias\/wp-json\/wp\/v2\/posts\/148615\/revisions"}],"predecessor-version":[{"id":148617,"href":"https:\/\/vinasfm.com\/noticias\/wp-json\/wp\/v2\/posts\/148615\/revisions\/148617"}],"wp:featuredmedia":[{"embeddable":true,"href":"https:\/\/vinasfm.com\/noticias\/wp-json\/wp\/v2\/media\/148616"}],"wp:attachment":[{"href":"https:\/\/vinasfm.com\/noticias\/wp-json\/wp\/v2\/media?parent=148615"}],"wp:term":[{"taxonomy":"category","embeddable":true,"href":"https:\/\/vinasfm.com\/noticias\/wp-json\/wp\/v2\/categories?post=148615"},{"taxonomy":"post_tag","embeddable":true,"href":"https:\/\/vinasfm.com\/noticias\/wp-json\/wp\/v2\/tags?post=148615"}],"curies":[{"name":"wp","href":"https:\/\/api.w.org\/{rel}","templated":true}]}}