{"id":148604,"date":"2025-05-21T12:05:51","date_gmt":"2025-05-21T15:05:51","guid":{"rendered":"https:\/\/vinasfm.com\/noticias\/?p=148604"},"modified":"2025-05-22T10:27:29","modified_gmt":"2025-05-22T13:27:29","slug":"bowen-albergara-los-festejos-del-25-de-mayo","status":"publish","type":"post","link":"https:\/\/vinasfm.com\/noticias\/bowen-albergara-los-festejos-del-25-de-mayo\/","title":{"rendered":"BOWEN ALBERGAR\u00c1 LOS FESTEJOS DEL 25 DE MAYO"},"content":{"rendered":"<h4>El distrito ser\u00e1 sede de los actos oficiales por el D\u00eda de la Patria. El delegado Luis Gergeluk detall\u00f3 los trabajos que se est\u00e1n realizando para recibir a vecinos y visitantes.<\/h4>\n<p>El distrito de Bowen se encuentra ultimando detalles para recibir este domingo 25 de mayo los actos oficiales por el D\u00eda de la Patria. As\u00ed lo confirm\u00f3 el delegado distrital, Luis Gergeluk, quien destac\u00f3 el trabajo conjunto con el intendente Alejandro Molero y su equipo para que la celebraci\u00f3n transcurra con normalidad y en un marco festivo.<\/p>\n<p><em><strong>\u201cEstamos trabajando junto al intendente para que los festejos salgan de la mejor manera. Queremos que sea una jornada familiar, en un clima agradable, y estamos muy agradecidos por todo el apoyo que se ha puesto a disposici\u00f3n\u201d<\/strong><\/em>, explic\u00f3 <strong><span style=\"color: #993366;\">Gergeluk<\/span><\/strong>, quien tambi\u00e9n subray\u00f3 que esta fecha patria es una oportunidad para continuar mejorando el distrito.<\/p>\n<p>Como parte de los preparativos, se est\u00e1n realizando obras de embellecimiento y mantenimiento en espacios p\u00fablicos. <em><strong>\u201cEstamos renovando los juegos del parque infantil en la plaza distrital y colocando equipamiento nuevo. Tambi\u00e9n hemos trabajado en la mejora de la rotonda del Inmigrante, un punto emblem\u00e1tico para los bowenses y para quienes nos visitan\u201d<\/strong><\/em>, indic\u00f3 el delegado.<\/p>\n<p>Adem\u00e1s, se est\u00e1n llevando a cabo tareas de mantenimiento en calles, con la incorporaci\u00f3n de material estabilizado en v\u00edas que pr\u00f3ximamente ser\u00e1n asfaltadas. Tambi\u00e9n se han hecho mejoras en luminarias y espacios verdes, en respuesta a las inquietudes de los vecinos.<\/p>\n<h2><span style=\"color: #00ccff;\">Cronograma de actividades<\/span><\/h2>\n<p>La jornada comenzar\u00e1 a las 10:30 con un desayuno patrio en la plaza distrital, donde se ofrecer\u00e1 chocolate caliente y tortas fritas para el p\u00fablico. A las 11:30 se celebrar\u00e1 el tradicional Tedeum en la iglesia San Cayetano, y a las 12 del mediod\u00eda se realizar\u00e1 el acto oficial en la plaza San Mart\u00edn.<\/p>\n<p>Por la tarde, desde las 15:00, comenzar\u00e1n las actividades culturales, encabezadas por un gran peric\u00f3n nacional. Participar\u00e1n los talleres municipales de danza, el grupo de adultos mayores, instituciones del distrito como los Amigos del Festival de la Ciruela, y numerosos vecinos que se han sumado con entusiasmo a los ensayos.<\/p>\n<p><em><strong><span style=\"color: #000000;\">\u201cEl peric\u00f3n ha generado mucha convocatoria. Hac\u00eda tiempo que no se realizaba algo as\u00ed, y ver el compromiso de la comunidad es realmente emocionante\u201d<\/span><\/strong><\/em>, concluy\u00f3 Gergeluk.<\/p>\n<p>La invitaci\u00f3n est\u00e1 abierta a todos los vecinos del departamento y a quienes deseen acercarse a compartir una jornada de celebraci\u00f3n patria en Bowen, un distrito que apuesta por el crecimiento y la participaci\u00f3n ciudadana. Tambi\u00e9n recordamos, que en Ciudad se celebra la Velada Patri\u00f3tica el viernes 24 de mayo a las 21 horas en el Teatro Antonio Lafalla, con una puesta esc\u00e9nica que rinde homenaje a la Revoluci\u00f3n de Mayo, la entrada ser\u00e1 libre y gratuita.<\/p>\n","protected":false},"excerpt":{"rendered":"<p>El distrito ser\u00e1 sede de los actos oficiales por el D\u00eda de la Patria. El delegado Luis Gergeluk detall\u00f3 los trabajos &#8230;<\/p>\n","protected":false},"author":7,"featured_media":148605,"comment_status":"open","ping_status":"open","sticky":false,"template":"","format":"standard","meta":{"footnotes":""},"categories":[19,10],"tags":[],"class_list":["post-148604","post","type-post","status-publish","format-standard","has-post-thumbnail","hentry","category-cultura","category-destacadas"],"_links":{"self":[{"href":"https:\/\/vinasfm.com\/noticias\/wp-json\/wp\/v2\/posts\/148604","targetHints":{"allow":["GET"]}}],"collection":[{"href":"https:\/\/vinasfm.com\/noticias\/wp-json\/wp\/v2\/posts"}],"about":[{"href":"https:\/\/vinasfm.com\/noticias\/wp-json\/wp\/v2\/types\/post"}],"author":[{"embeddable":true,"href":"https:\/\/vinasfm.com\/noticias\/wp-json\/wp\/v2\/users\/7"}],"replies":[{"embeddable":true,"href":"https:\/\/vinasfm.com\/noticias\/wp-json\/wp\/v2\/comments?post=148604"}],"version-history":[{"count":1,"href":"https:\/\/vinasfm.com\/noticias\/wp-json\/wp\/v2\/posts\/148604\/revisions"}],"predecessor-version":[{"id":148606,"href":"https:\/\/vinasfm.com\/noticias\/wp-json\/wp\/v2\/posts\/148604\/revisions\/148606"}],"wp:featuredmedia":[{"embeddable":true,"href":"https:\/\/vinasfm.com\/noticias\/wp-json\/wp\/v2\/media\/148605"}],"wp:attachment":[{"href":"https:\/\/vinasfm.com\/noticias\/wp-json\/wp\/v2\/media?parent=148604"}],"wp:term":[{"taxonomy":"category","embeddable":true,"href":"https:\/\/vinasfm.com\/noticias\/wp-json\/wp\/v2\/categories?post=148604"},{"taxonomy":"post_tag","embeddable":true,"href":"https:\/\/vinasfm.com\/noticias\/wp-json\/wp\/v2\/tags?post=148604"}],"curies":[{"name":"wp","href":"https:\/\/api.w.org\/{rel}","templated":true}]}}