{"id":148593,"date":"2025-05-21T11:30:39","date_gmt":"2025-05-21T14:30:39","guid":{"rendered":"https:\/\/vinasfm.com\/noticias\/?p=148593"},"modified":"2025-05-22T10:08:21","modified_gmt":"2025-05-22T13:08:21","slug":"bodega-jorge-rubio-recorrio-el-litoral-argentino-presentando-sus-vinos-y-fortaleciendo-vinculos","status":"publish","type":"post","link":"https:\/\/vinasfm.com\/noticias\/bodega-jorge-rubio-recorrio-el-litoral-argentino-presentando-sus-vinos-y-fortaleciendo-vinculos\/","title":{"rendered":"BODEGA JORGE RUBIO RECORRI\u00d3 EL LITORAL ARGENTINO PRESENTANDO SUS  VINOS Y FORTALECIENDO V\u00cdNCULOS"},"content":{"rendered":"<h4><strong><span style=\"color: #003300;\">Bodega Jorge Rubio llev\u00f3 adelante una gira estrat\u00e9gica por las provincias de Santa Fe y Entre R\u00edos, como parte de su plan de expansi\u00f3n y consolidaci\u00f3n en el mercado nacional. <\/span><\/strong><\/h4>\n<p><span style=\"color: #000000;\">Durante tres jornadas intensas, el equipo \u2013liderado por <span style=\"color: #003366;\"><strong>Jorge Rubio<\/strong><\/span>&#8211; visit\u00f3 vinotecas, comparti\u00f3 charlas con profesionales del sector y particip\u00f3 en eventos enogastron\u00f3micos que contaron con una destacada recepci\u00f3n por parte del p\u00fablico local. <\/span><\/p>\n<p><span style=\"color: #000000;\">El recorrido comenz\u00f3 el martes 6 de mayo en Rosario. <strong>La jornada incluy\u00f3 una visita comercial en la zona sur de la ciudad y una charla en la Asociaci\u00f3n Rosarina de Sommeliers, donde se degustaron nuevas cosechas y productos pr\u00f3ximos a lanzarse al mercado.<\/strong> Adem\u00e1s, se abordaron temas relacionados con el terroir del Oasis Sur de Mendoza. Por la tarde, <strong>se realizaron encuentros con clientes de Rosario y, por la noche, se llev\u00f3 a cabo una cata en Corcho Bar, con cupos completos y gran inter\u00e9s por parte de consumidores y referentes del sector. <\/strong><\/span><\/p>\n<p><span style=\"color: #000000;\"><em><strong>\u201cEs en esta \u00e9poca del a\u00f1o, cuando la cosecha ha culminado y el ritmo que impone la molienda ha disminu\u00eddo, que podemos salir a recorrer el pa\u00eds y llevar nuestros vinos a otras provincias\u201d<\/strong><\/em>, coment\u00f3 Jorge Rubio al terminar una de las extensas jornadas en la que expuso ante sommeliers y la bodega llev\u00f3 adelante una degustaci\u00f3n dirigida. <\/span><\/p>\n<p><span style=\"color: #000000;\">El mi\u00e9rcoles 7, las actividades continuaron en San Lorenzo, Santa Fe y Esperanza. <em><strong>La agenda incluy\u00f3 una charla en la Asociaci\u00f3n Santafesina de Sommeliers y visitas a distintos puntos de venta de la regi\u00f3n.<\/strong> <\/em>El d\u00eda cerr\u00f3 con un evento exclusivo en Esperanza, organizado junto al distribuidor regional que reuni\u00f3 a clientes, aficionados y representantes del \u00e1mbito gastron\u00f3mico. <\/span><\/p>\n<p><span style=\"color: #000000;\">La gira concluy\u00f3 el 8 de mayo en Paran\u00e1, Entre R\u00edos,<strong> con visitas a distribuidores locales y un cierre en formato degustaci\u00f3n, compartido con clientes y amigos de la bodega, en un entorno distendido y c\u00e1lido.<\/strong><\/span><\/p>\n<p><a href=\"https:\/\/vinasfm.com\/noticias\/wp-content\/uploads\/2025\/05\/IMG-20250521-WA0058.jpg\"><img loading=\"lazy\" decoding=\"async\" class=\"alignnone wp-image-148598\" src=\"https:\/\/vinasfm.com\/noticias\/wp-content\/uploads\/2025\/05\/IMG-20250521-WA0058-579x1024.jpg\" alt=\"\" width=\"230\" height=\"407\" srcset=\"https:\/\/vinasfm.com\/noticias\/wp-content\/uploads\/2025\/05\/IMG-20250521-WA0058-579x1024.jpg 579w, https:\/\/vinasfm.com\/noticias\/wp-content\/uploads\/2025\/05\/IMG-20250521-WA0058-170x300.jpg 170w, https:\/\/vinasfm.com\/noticias\/wp-content\/uploads\/2025\/05\/IMG-20250521-WA0058.jpg 724w\" sizes=\"auto, (max-width: 230px) 100vw, 230px\" \/><\/a> <a href=\"https:\/\/vinasfm.com\/noticias\/wp-content\/uploads\/2025\/05\/IMG-20250521-WA0060.jpg\"><img loading=\"lazy\" decoding=\"async\" class=\"alignnone wp-image-148596\" src=\"https:\/\/vinasfm.com\/noticias\/wp-content\/uploads\/2025\/05\/IMG-20250521-WA0060-579x1024.jpg\" alt=\"\" width=\"230\" height=\"407\" srcset=\"https:\/\/vinasfm.com\/noticias\/wp-content\/uploads\/2025\/05\/IMG-20250521-WA0060-579x1024.jpg 579w, https:\/\/vinasfm.com\/noticias\/wp-content\/uploads\/2025\/05\/IMG-20250521-WA0060-170x300.jpg 170w, https:\/\/vinasfm.com\/noticias\/wp-content\/uploads\/2025\/05\/IMG-20250521-WA0060.jpg 724w\" sizes=\"auto, (max-width: 230px) 100vw, 230px\" \/><\/a> <a href=\"https:\/\/vinasfm.com\/noticias\/wp-content\/uploads\/2025\/05\/IMG-20250521-WA0059.jpg\"><img loading=\"lazy\" decoding=\"async\" class=\"alignnone wp-image-148597\" src=\"https:\/\/vinasfm.com\/noticias\/wp-content\/uploads\/2025\/05\/IMG-20250521-WA0059-569x1024.jpg\" alt=\"\" width=\"226\" height=\"407\" srcset=\"https:\/\/vinasfm.com\/noticias\/wp-content\/uploads\/2025\/05\/IMG-20250521-WA0059-569x1024.jpg 569w, https:\/\/vinasfm.com\/noticias\/wp-content\/uploads\/2025\/05\/IMG-20250521-WA0059-167x300.jpg 167w, https:\/\/vinasfm.com\/noticias\/wp-content\/uploads\/2025\/05\/IMG-20250521-WA0059.jpg 711w\" sizes=\"auto, (max-width: 226px) 100vw, 226px\" \/><\/a><\/p>\n<p><span style=\"color: #000000;\">Con esta gira, Bodega Jorge Rubio reafirma su compromiso de acercar la identidad del Oasis Sur mendocino fortaleciendo v\u00ednculos comerciales y culturales en cada regi\u00f3n del pa\u00eds. <\/span><\/p>\n<h2><span style=\"color: #000000;\">EXPLORANDO NUEVAS FRONTERAS ENOL\u00d3GICAS SIN PERDER LAS RA\u00cdCES <\/span><\/h2>\n<p><span style=\"color: #000000;\">Con un porfolio de m\u00e1s de 35 etiquetas, nuestra bodega abraza la diversidad. La cava de a\u00f1ejamiento resguarda vinos de guarda en 700 barricas de roble franc\u00e9s y americano. <strong>Nuestra sala de degustaciones subterr\u00e1nea, con su mesa de roble macizo, ofrece una experiencia \u00fanica y adem\u00e1s innovamos con una champa\u00f1era para espumantes de alta gama y una destiler\u00eda con alambiques franceses.<\/strong> Desde vinos <\/span><span style=\"color: #000000;\">tranquilos hasta fortificados y cognac, buscamos constantemente la excelencia y la singularidad. En cada rinc\u00f3n de nuestra bodega, la tradici\u00f3n se entrelaza con la innovaci\u00f3n para ofrecer experiencias enol\u00f3gicas inolvidables.<\/span><\/p>\n<p><em>Te invitamos a conocer nuestra bodega ubicada RN143 y Calle F -General Alvear, Mendoza-. <\/em><\/p>\n","protected":false},"excerpt":{"rendered":"<p>Bodega Jorge Rubio llev\u00f3 adelante una gira estrat\u00e9gica por las provincias de Santa Fe y Entre R\u00edos, como parte de su &#8230;<\/p>\n","protected":false},"author":7,"featured_media":148599,"comment_status":"open","ping_status":"open","sticky":false,"template":"","format":"standard","meta":{"footnotes":""},"categories":[5,10],"tags":[],"class_list":["post-148593","post","type-post","status-publish","format-standard","has-post-thumbnail","hentry","category-actualidad","category-destacadas"],"_links":{"self":[{"href":"https:\/\/vinasfm.com\/noticias\/wp-json\/wp\/v2\/posts\/148593","targetHints":{"allow":["GET"]}}],"collection":[{"href":"https:\/\/vinasfm.com\/noticias\/wp-json\/wp\/v2\/posts"}],"about":[{"href":"https:\/\/vinasfm.com\/noticias\/wp-json\/wp\/v2\/types\/post"}],"author":[{"embeddable":true,"href":"https:\/\/vinasfm.com\/noticias\/wp-json\/wp\/v2\/users\/7"}],"replies":[{"embeddable":true,"href":"https:\/\/vinasfm.com\/noticias\/wp-json\/wp\/v2\/comments?post=148593"}],"version-history":[{"count":1,"href":"https:\/\/vinasfm.com\/noticias\/wp-json\/wp\/v2\/posts\/148593\/revisions"}],"predecessor-version":[{"id":148600,"href":"https:\/\/vinasfm.com\/noticias\/wp-json\/wp\/v2\/posts\/148593\/revisions\/148600"}],"wp:featuredmedia":[{"embeddable":true,"href":"https:\/\/vinasfm.com\/noticias\/wp-json\/wp\/v2\/media\/148599"}],"wp:attachment":[{"href":"https:\/\/vinasfm.com\/noticias\/wp-json\/wp\/v2\/media?parent=148593"}],"wp:term":[{"taxonomy":"category","embeddable":true,"href":"https:\/\/vinasfm.com\/noticias\/wp-json\/wp\/v2\/categories?post=148593"},{"taxonomy":"post_tag","embeddable":true,"href":"https:\/\/vinasfm.com\/noticias\/wp-json\/wp\/v2\/tags?post=148593"}],"curies":[{"name":"wp","href":"https:\/\/api.w.org\/{rel}","templated":true}]}}