{"id":148557,"date":"2025-05-20T12:20:12","date_gmt":"2025-05-20T15:20:12","guid":{"rendered":"https:\/\/vinasfm.com\/noticias\/?p=148557"},"modified":"2025-05-21T10:03:20","modified_gmt":"2025-05-21T13:03:20","slug":"comenzo-el-curso-de-autoelevador-y-manejo-de-tractores","status":"publish","type":"post","link":"https:\/\/vinasfm.com\/noticias\/comenzo-el-curso-de-autoelevador-y-manejo-de-tractores\/","title":{"rendered":"COMENZ\u00d3 EL CURSO DE AUTOELEVADOR Y MANEJO DE TRACTORES"},"content":{"rendered":"<p><strong><span style=\"color: #003300;\">En el marco de un proyecto conjunto entre la Direcci\u00f3n de T\u00e9cnico y Trabajo de la provincia y la Municipalidad de General Alvear, comenz\u00f3 oficialmente el curso de autoelevador y manejo de tractores, una capacitaci\u00f3n gratuita que busca generar nuevas oportunidades laborales para los vecinos del departamento.<\/span><\/strong><\/p>\n<p>El curso se dicta en el predio de UGACOOP y cuenta con el apoyo de las Aulas Taller M\u00f3viles (ATM), una iniciativa que incorpora tecnolog\u00eda de \u00faltima generaci\u00f3n en entornos educativos m\u00f3viles. Durante la apertura, <em>el director de Educaci\u00f3n<\/em>, <span style=\"color: #003366;\"><strong>Jos\u00e9 Mor\u00e1n<\/strong><\/span>, visit\u00f3 el aula junto a los instructores y estudiantes, destacando la importancia de este tipo de propuestas: <em><strong>\u201cVisitamos el aula de las ATM, que est\u00e1 equipada con simuladores de realidad virtual, una de las \u00faltimas incorporaciones tecnol\u00f3gicas. Este curso tiene una duraci\u00f3n aproximada de dos meses y medio, con una parte te\u00f3rica y otra pr\u00e1ctica, y al finalizar se entrega una certificaci\u00f3n oficial que puede abrir puertas en el mercado laboral\u201d<\/strong><\/em>.<\/p>\n<p>Mor\u00e1n subray\u00f3 que esta capacitaci\u00f3n forma parte de un plan mayor orientado a fomentar la empleabilidad en la regi\u00f3n. <em><strong>\u201cEl objetivo de la municipalidad es que cada vecino tenga una nueva oportunidad laboral\u201d<\/strong><\/em>, expres\u00f3, al tiempo que adelant\u00f3 que en los pr\u00f3ximos meses se sumar\u00e1n nuevas formaciones en manejo de drones y uso de impresoras 3D, tambi\u00e9n gratuitas y con certificaci\u00f3n.<\/p>\n<p>Actualmente, en el predio est\u00e1n en funcionamiento dos de las ocho Aulas Taller M\u00f3viles disponibles en la provincia, una de ellas dedicada al curso de refrigeraci\u00f3n, ya en su segunda cohorte, y la otra destinada a este nuevo curso de maquinaria agr\u00edcola e industrial.<\/p>\n<p>El profesor a cargo del curso de autoelevador y manejo de tractores, <strong><span style=\"color: #003366;\">Enzo Valderrama,<\/span><\/strong> explic\u00f3 c\u00f3mo est\u00e1 organizada la formaci\u00f3n: <strong><em>\u201cEn esta etapa estamos con la teor\u00eda del m\u00f3dulo de tractores. Luego pasamos a la pr\u00e1ctica en simuladores virtuales, donde los alumnos pueden operar tractores con distintos implementos. M\u00e1s adelante, se trabajar\u00e1 de manera similar el m\u00f3dulo de autoelevadores. Hacia el final, se dar\u00e1 una breve introducci\u00f3n a soldadura y manejo de drones\u201d.<\/em><\/strong><\/p>\n<p>Valderrama destac\u00f3 adem\u00e1s el valor pedag\u00f3gico de los simuladores: <strong><em>\u201cMucha gente duda del entorno virtual, pero al probarlo se dan cuenta de lo realista que es. Buscamos que los estudiantes no solo aprendan en el simulador, sino que tambi\u00e9n tengan contacto con maquinaria real al finalizar el curso\u201d.<\/em><\/strong><\/p>\n<p>El curso, completamente gratuito, tiene cupos limitados y otorga certificaci\u00f3n oficial, lo que representa una oportunidad concreta de inserci\u00f3n laboral para los participantes.<\/p>\n","protected":false},"excerpt":{"rendered":"<p>En el marco de un proyecto conjunto entre la Direcci\u00f3n de T\u00e9cnico y Trabajo de la provincia y la Municipalidad de &#8230;<\/p>\n","protected":false},"author":7,"featured_media":148558,"comment_status":"open","ping_status":"open","sticky":false,"template":"","format":"standard","meta":{"footnotes":""},"categories":[10,78],"tags":[],"class_list":["post-148557","post","type-post","status-publish","format-standard","has-post-thumbnail","hentry","category-destacadas","category-municipalidad"],"_links":{"self":[{"href":"https:\/\/vinasfm.com\/noticias\/wp-json\/wp\/v2\/posts\/148557","targetHints":{"allow":["GET"]}}],"collection":[{"href":"https:\/\/vinasfm.com\/noticias\/wp-json\/wp\/v2\/posts"}],"about":[{"href":"https:\/\/vinasfm.com\/noticias\/wp-json\/wp\/v2\/types\/post"}],"author":[{"embeddable":true,"href":"https:\/\/vinasfm.com\/noticias\/wp-json\/wp\/v2\/users\/7"}],"replies":[{"embeddable":true,"href":"https:\/\/vinasfm.com\/noticias\/wp-json\/wp\/v2\/comments?post=148557"}],"version-history":[{"count":1,"href":"https:\/\/vinasfm.com\/noticias\/wp-json\/wp\/v2\/posts\/148557\/revisions"}],"predecessor-version":[{"id":148559,"href":"https:\/\/vinasfm.com\/noticias\/wp-json\/wp\/v2\/posts\/148557\/revisions\/148559"}],"wp:featuredmedia":[{"embeddable":true,"href":"https:\/\/vinasfm.com\/noticias\/wp-json\/wp\/v2\/media\/148558"}],"wp:attachment":[{"href":"https:\/\/vinasfm.com\/noticias\/wp-json\/wp\/v2\/media?parent=148557"}],"wp:term":[{"taxonomy":"category","embeddable":true,"href":"https:\/\/vinasfm.com\/noticias\/wp-json\/wp\/v2\/categories?post=148557"},{"taxonomy":"post_tag","embeddable":true,"href":"https:\/\/vinasfm.com\/noticias\/wp-json\/wp\/v2\/tags?post=148557"}],"curies":[{"name":"wp","href":"https:\/\/api.w.org\/{rel}","templated":true}]}}