{"id":148492,"date":"2025-05-19T10:15:47","date_gmt":"2025-05-19T13:15:47","guid":{"rendered":"https:\/\/vinasfm.com\/noticias\/?p=148492"},"modified":"2025-05-19T12:15:57","modified_gmt":"2025-05-19T15:15:57","slug":"record-de-inscriptos-y-buena-participacion-en-la-primera-fecha-de-moutain-bike","status":"publish","type":"post","link":"https:\/\/vinasfm.com\/noticias\/record-de-inscriptos-y-buena-participacion-en-la-primera-fecha-de-moutain-bike\/","title":{"rendered":"R\u00c9CORD DE INSCRIPTOS Y BUENA PARTICIPACI\u00d3N EN LA PRIMERA FECHA DE MOUTAIN BIKE"},"content":{"rendered":"<h4><strong>Este fin de semana, la Reserva Natural El Trapal fue el escenario de la primera fecha del Campeonato Alvearense de Mountain Bike, que se desarroll\u00f3 con un gran marco de p\u00fablico y un r\u00e9cord de 230 inscriptos, superando los 210 participantes del a\u00f1o anterior.<\/strong><\/h4>\n<p>El evento se destac\u00f3 no solo por el n\u00famero de competidores, sino tambi\u00e9n por su car\u00e1cter familiar. Un total de 81 ni\u00f1os menores de 12 a\u00f1os participaron en la categor\u00eda infantil, consolidando al certamen como un espacio de inclusi\u00f3n y recreaci\u00f3n para todas las edades.<\/p>\n<p>La jornada se desarroll\u00f3 sobre un circuito de 10 kil\u00f3metros, dise\u00f1ado especialmente para la competencia, con un importante despliegue log\u00edstico a cargo de entre 20 y 25 personas de la Direcci\u00f3n de Deportes, encargadas de la organizaci\u00f3n y el correcto funcionamiento del evento.<\/p>\n<p>El director de Deportes de General Alvear, <strong><span style=\"color: #800080;\">Alberto G\u00f3mez<\/span><\/strong>, expres\u00f3 su satisfacci\u00f3n por el crecimiento del campeonato:<\/p>\n<p><em><strong>\u201cLa verdad que estamos muy satisfechos. Este es un evento que viene creciendo cada vez m\u00e1s. Hoy alcanzamos un r\u00e9cord de 230 inscriptos, lo que nos marca que vamos por buen camino. Adem\u00e1s, es una propuesta pensada para toda la familia. Los chicos se van con su premio, con su distinci\u00f3n, y eso deja recuerdos muy lindos\u201d<\/strong><\/em>.<\/p>\n<p>G\u00f3mez tambi\u00e9n resalt\u00f3 la convocatoria de los m\u00e1s j\u00f3venes y la importancia de generar espacios donde puedan compartir con sus familias:<\/p>\n<p><em><strong>\u201cEste es un deporte que convoca a la familia. Tener 81 ni\u00f1os inscriptos es muy significativo. Vienen acompa\u00f1ados por sus padres, participan, disfrutan y se llevan una experiencia positiva. Eso nos llena de alegr\u00eda\u201d<\/strong><\/em>, culmin\u00f3.<\/p>\n","protected":false},"excerpt":{"rendered":"<p>Este fin de semana, la Reserva Natural El Trapal fue el escenario de la primera fecha del Campeonato Alvearense de Mountain &#8230;<\/p>\n","protected":false},"author":7,"featured_media":148493,"comment_status":"open","ping_status":"open","sticky":false,"template":"","format":"standard","meta":{"footnotes":""},"categories":[5,3],"tags":[],"class_list":["post-148492","post","type-post","status-publish","format-standard","has-post-thumbnail","hentry","category-actualidad","category-deportes"],"_links":{"self":[{"href":"https:\/\/vinasfm.com\/noticias\/wp-json\/wp\/v2\/posts\/148492","targetHints":{"allow":["GET"]}}],"collection":[{"href":"https:\/\/vinasfm.com\/noticias\/wp-json\/wp\/v2\/posts"}],"about":[{"href":"https:\/\/vinasfm.com\/noticias\/wp-json\/wp\/v2\/types\/post"}],"author":[{"embeddable":true,"href":"https:\/\/vinasfm.com\/noticias\/wp-json\/wp\/v2\/users\/7"}],"replies":[{"embeddable":true,"href":"https:\/\/vinasfm.com\/noticias\/wp-json\/wp\/v2\/comments?post=148492"}],"version-history":[{"count":1,"href":"https:\/\/vinasfm.com\/noticias\/wp-json\/wp\/v2\/posts\/148492\/revisions"}],"predecessor-version":[{"id":148495,"href":"https:\/\/vinasfm.com\/noticias\/wp-json\/wp\/v2\/posts\/148492\/revisions\/148495"}],"wp:featuredmedia":[{"embeddable":true,"href":"https:\/\/vinasfm.com\/noticias\/wp-json\/wp\/v2\/media\/148493"}],"wp:attachment":[{"href":"https:\/\/vinasfm.com\/noticias\/wp-json\/wp\/v2\/media?parent=148492"}],"wp:term":[{"taxonomy":"category","embeddable":true,"href":"https:\/\/vinasfm.com\/noticias\/wp-json\/wp\/v2\/categories?post=148492"},{"taxonomy":"post_tag","embeddable":true,"href":"https:\/\/vinasfm.com\/noticias\/wp-json\/wp\/v2\/tags?post=148492"}],"curies":[{"name":"wp","href":"https:\/\/api.w.org\/{rel}","templated":true}]}}