{"id":148486,"date":"2025-05-19T10:02:50","date_gmt":"2025-05-19T13:02:50","guid":{"rendered":"https:\/\/vinasfm.com\/noticias\/?p=148486"},"modified":"2025-05-19T12:07:19","modified_gmt":"2025-05-19T15:07:19","slug":"alvear-baila-volvio-a-llenar-de-ritmo-la-plaza-carlos-maria-de-alvear","status":"publish","type":"post","link":"https:\/\/vinasfm.com\/noticias\/alvear-baila-volvio-a-llenar-de-ritmo-la-plaza-carlos-maria-de-alvear\/","title":{"rendered":"ALVEAR BAILA VOLVI\u00d3 A LLENAR DE RITMO LA PLAZA CARLOS MAR\u00cdA DE ALVEAR"},"content":{"rendered":"<h4 data-start=\"189\" data-end=\"521\"><strong>Este s\u00e1bado se llev\u00f3 a cabo una nueva edici\u00f3n de <em data-start=\"238\" data-end=\"252\">Alvear Baila<\/em>, un programa que promueve la actividad f\u00edsica, el encuentro comunitario y la alegr\u00eda del baile. La propuesta, impulsada por la Direcci\u00f3n de Deportes, incluye eventos mensuales en distintos distritos del departamento, iniciando siempre en la plaza central de la ciudad.<\/strong><\/h4>\n<p class=\"\" data-start=\"523\" data-end=\"699\">Con clases gratuitas, profesores especializados y horarios accesibles, <em data-start=\"594\" data-end=\"608\">Alvear Baila<\/em> ofrece desde hace a\u00f1os un espacio inclusivo y divertido para personas de todas las edades.<\/p>\n<p class=\"\" data-start=\"701\" data-end=\"790\">El pr\u00f3ximo encuentro ser\u00e1 el <strong data-start=\"730\" data-end=\"789\">21 de junio en la plaza Manuel Belgrano de Alvear Oeste<\/strong>.<\/p>\n<p class=\"\" data-start=\"792\" data-end=\"860\">Florencia Montecino, profesora de la Direcci\u00f3n de Deportes, expres\u00f3: <em><strong>\u201cTraemos mucha gente, especialmente mujeres que quieren empezar con el programa. Es una gran oportunidad para que se animen, para que conozcan de qu\u00e9 se trata. A veces hay miedo al baile o a la recreaci\u00f3n, pero se trata simplemente de intentarlo, cada una con sus posibilidades. Es un espacio muy lindo\u201d.<\/strong><\/em><\/p>\n<p class=\"\" data-start=\"1170\" data-end=\"1244\">Adem\u00e1s, destac\u00f3 los beneficios f\u00edsicos, mentales y sociales de participar: <strong><em>\u201cUna hora de recreaci\u00f3n que se regale cada persona ya es s\u00faper importante. Todos deber\u00edamos hacerlo. Ayuda al sistema cardiovascular, a la salud mental y f\u00edsica. Las chicas buscan eso: compartir, formar un grupo lindo, divertirse y tambi\u00e9n conocer nuevas personas\u201d.<\/em><\/strong><\/p>\n<p class=\"\" data-start=\"1709\" data-end=\"1894\"><em data-start=\"1709\" data-end=\"1723\">Alvear Baila<\/em> sigue consolid\u00e1ndose como un espacio para moverse, divertirse y conectar con otros, fortaleciendo as\u00ed el tejido social del departamento a trav\u00e9s del ejercicio y el ritmo.<\/p>\n","protected":false},"excerpt":{"rendered":"<p>Este s\u00e1bado se llev\u00f3 a cabo una nueva edici\u00f3n de Alvear Baila, un programa que promueve la actividad f\u00edsica, el encuentro &#8230;<\/p>\n","protected":false},"author":7,"featured_media":148490,"comment_status":"open","ping_status":"open","sticky":false,"template":"","format":"standard","meta":{"footnotes":""},"categories":[5,19],"tags":[],"class_list":["post-148486","post","type-post","status-publish","format-standard","has-post-thumbnail","hentry","category-actualidad","category-cultura"],"_links":{"self":[{"href":"https:\/\/vinasfm.com\/noticias\/wp-json\/wp\/v2\/posts\/148486","targetHints":{"allow":["GET"]}}],"collection":[{"href":"https:\/\/vinasfm.com\/noticias\/wp-json\/wp\/v2\/posts"}],"about":[{"href":"https:\/\/vinasfm.com\/noticias\/wp-json\/wp\/v2\/types\/post"}],"author":[{"embeddable":true,"href":"https:\/\/vinasfm.com\/noticias\/wp-json\/wp\/v2\/users\/7"}],"replies":[{"embeddable":true,"href":"https:\/\/vinasfm.com\/noticias\/wp-json\/wp\/v2\/comments?post=148486"}],"version-history":[{"count":1,"href":"https:\/\/vinasfm.com\/noticias\/wp-json\/wp\/v2\/posts\/148486\/revisions"}],"predecessor-version":[{"id":148491,"href":"https:\/\/vinasfm.com\/noticias\/wp-json\/wp\/v2\/posts\/148486\/revisions\/148491"}],"wp:featuredmedia":[{"embeddable":true,"href":"https:\/\/vinasfm.com\/noticias\/wp-json\/wp\/v2\/media\/148490"}],"wp:attachment":[{"href":"https:\/\/vinasfm.com\/noticias\/wp-json\/wp\/v2\/media?parent=148486"}],"wp:term":[{"taxonomy":"category","embeddable":true,"href":"https:\/\/vinasfm.com\/noticias\/wp-json\/wp\/v2\/categories?post=148486"},{"taxonomy":"post_tag","embeddable":true,"href":"https:\/\/vinasfm.com\/noticias\/wp-json\/wp\/v2\/tags?post=148486"}],"curies":[{"name":"wp","href":"https:\/\/api.w.org\/{rel}","templated":true}]}}