{"id":148482,"date":"2025-05-19T09:15:42","date_gmt":"2025-05-19T12:15:42","guid":{"rendered":"https:\/\/vinasfm.com\/noticias\/?p=148482"},"modified":"2025-05-19T12:03:04","modified_gmt":"2025-05-19T15:03:04","slug":"rus-la-impronta-de-la-policia-de-mendoza-permite-que-estos-cursos-sigan-profesionalizando-fuerzas-de-todo-el-pais","status":"publish","type":"post","link":"https:\/\/vinasfm.com\/noticias\/rus-la-impronta-de-la-policia-de-mendoza-permite-que-estos-cursos-sigan-profesionalizando-fuerzas-de-todo-el-pais\/","title":{"rendered":"RUS: \u201cLA IMPRONTA DE LA POLIC\u00cdA DE MENDOZA PERMITE QUE ESTOS CURSOS SIGAN PROFESIONALIZANDO FUERZAS DE TODO EL PA\u00cdS\u201d"},"content":{"rendered":"<h4><strong><span style=\"color: #003300;\">Efectivos de todo el pa\u00eds eligieron a la Polic\u00eda de Mendoza para entrenarse ante situaciones de alto riesgo. El curso, dictado por la Unidad Motorizada de Acci\u00f3n R\u00e1pida (UMAR), cont\u00f3 con una intensa formaci\u00f3n te\u00f3rico-pr\u00e1ctica y la participaci\u00f3n de 22 motoristas provenientes de 13 provincias. La ministra encabez\u00f3 el acto de cierre junto a autoridades nacionales y provinciales.<\/span><\/strong><\/h4>\n<p>La <em>ministra de Seguridad y Justicia<\/em>, <span style=\"color: #003366;\"><strong>Mercedes Rus<\/strong><\/span>, encabez\u00f3 el acto de cierre del <strong>XII Curso B\u00e1sico de la Unidad Motorizada de Acci\u00f3n R\u00e1pida<\/strong> (UMAR), una exigente capacitaci\u00f3n orientada a motoristas policiales preparados para intervenir en situaciones de crisis.<\/p>\n<p><em><strong>\u201cPara m\u00ed es un honor y un gusto poder estar acompa\u00f1\u00e1ndolos en este acto, tan importante para la instituci\u00f3n policial y sobre todo, para cada uno de estos 22 egresados. Este certificado simboliza el esfuerzo y la inquietud de superarse, que ma\u00f1ana se representa en un acto de valor o hero\u00edsmo. Es un orgullo para la Polic\u00eda de Mendoza y para todas las instituciones que los reciben\u201d<\/strong><\/em>, expres\u00f3 la ministra Rus, quien felicit\u00f3 a los egresados por su compromiso y vocaci\u00f3n.<\/p>\n<p>La ceremonia se llev\u00f3 a cabo en la Plaza de Armas de la cartera provincial y cont\u00f3 con la participaci\u00f3n de autoridades del Ministerio de Seguridad y Justicia, entre ellas el <em>subsecretario de Tecnolog\u00eda Aplicada a la Seguridad<\/em>, <span style=\"color: #003366;\"><strong>Leandro Biskupovich<\/strong><\/span>; <em>el director general de Polic\u00edas<\/em>,<span style=\"color: #003366;\"><strong> Marcelo Calipo<\/strong><\/span>; <em>el director de Log\u00edstica<\/em>, <span style=\"color: #003366;\"><strong>Javier Ya\u00f1ez<\/strong><\/span>; <em>la directora de Capital Humano<\/em>, <span style=\"color: #003366;\"><strong>Adriana Bertolati<\/strong><\/span>;<em> el jefe del Centro Estrat\u00e9gico de Operaciones (CEO)<\/em>,<span style=\"color: #003366;\"><strong> Alfredo Vicencio<\/strong><\/span>; <em>el jefe de la Unidad de Acci\u00f3n Preventiva (UAP)<\/em>, <span style=\"color: #003366;\"><strong>Alejandro Alonso<\/strong><\/span>; y <em>el jefe de la Unidad Motorizada de Acci\u00f3n R\u00e1pida (UMAR)<\/em>, <span style=\"color: #003366;\"><strong>\u00c1ngel Terrero<\/strong><\/span>.<\/p>\n<p>Adem\u00e1s, estuvieron presentes la jefa de la Comisar\u00eda 41\u00b0, Laura Ampuero y el jefe de la Unidad Motorizada de Acci\u00f3n R\u00e1pida de San Rafael, Rodrigo Rivas.<\/p>\n<p>En esta edici\u00f3n del curso <strong>participaron 22 efectivos provenientes de Mendoza y de otras doce provincias: Chubut, Santa Cruz, R\u00edo Negro, Catamarca, La Rioja, Santiago del Estero, San Juan, Tucum\u00e1n, Chaco, Jujuy, Salta y Entre R\u00edos.<\/strong> La formaci\u00f3n tuvo una duraci\u00f3n de m\u00e1s de un mes, bajo modalidad te\u00f3rico-pr\u00e1ctica y r\u00e9gimen de semi-internado.<\/p>\n<p>El programa estuvo dise\u00f1ado en funci\u00f3n de hip\u00f3tesis de intervenci\u00f3n de la UMAR e incluy\u00f3 evaluaciones permanentes, con el objetivo de brindar herramientas concretas para enfrentar con profesionalismo tanto situaciones previstas como imprevistas.<\/p>\n<p>Durante su intervenci\u00f3n, el comisario <span style=\"color: #003366;\"><strong>\u00c1ngel Terrero<\/strong><\/span> agradeci\u00f3 a los jefes de los cursantes por autorizar y confiar en la capacitaci\u00f3n que brinda la Polic\u00eda de Mendoza, as\u00ed como a las familias de los egresados por el acompa\u00f1amiento durante este proceso exigente.<strong><em> \u201cLos tratamos de llevar lo m\u00e1s cerca posible a la realidad que vive un motorista de la UMAR. Cumplieron y superaron todas las exigencias. Lo que se llevan, se lo ganaron. Y detr\u00e1s de ese brebet que hoy lucen, llevan recuerdos, sufrimiento, discusiones y el m\u00e9rito de haber construido una hermandad. Gracias por el valor y por asumir el riesgo que implica esta tarea\u201d<\/em><\/strong>, destac\u00f3.<\/p>\n<p>La ministra tambi\u00e9n reconoci\u00f3 a los cuerpos que colaboraron con la formaci\u00f3n, como el Cuerpo de Instructores de Infanter\u00eda, el Grupo Especial de Seguridad (GES), el equipo de enfermeros de asistencia al polic\u00eda y la Direcci\u00f3n de Log\u00edstica del Ministerio, cuya participaci\u00f3n fue clave para el desarrollo del curso.<\/p>\n<p>Finalmente, puso en valor el liderazgo institucional que ha permitido sostener esta formaci\u00f3n a lo largo del tiempo. <strong><em>\u201cFelicito a la Direcci\u00f3n General de Polic\u00edas de Mendoza porque su impronta ha hecho posible que estos cursos perduren en el tiempo y sigan profesionalizando a nuestra fuerza y a fuerzas de todo el pa\u00eds\u201d<\/em><\/strong>, concluy\u00f3.<\/p>\n<p>Tambi\u00e9n participaron del acto jefes policiales de distintas provincias, quienes acompa\u00f1aron a los efectivos que representaron a sus jurisdicciones y recibieron formaci\u00f3n en Mendoza.<\/p>\n<h2><img decoding=\"async\" class=\"aligncenter\" src=\"https:\/\/www.mendoza.gov.ar\/wp-content\/uploads\/sites\/5\/2025\/05\/PORTADA-20-2-700x467.jpg\" \/><\/h2>\n<h2><strong>El curso que eligieron efectivos policiales del pa\u00eds para ser capacitados en Mendoza<\/strong><\/h2>\n<p>Durante la jornada inicial se realiz\u00f3 la recepci\u00f3n de los concursantes y se llevaron a cabo las evaluaciones f\u00edsicas exigidas para el ingreso, entre ellas el test de Cooper y una prueba espec\u00edfica. <strong>Tambi\u00e9n se solicit\u00f3 el apto m\u00e9dico correspondiente, necesario para participar en actividades de alto impacto.<\/strong><\/p>\n<p>El entrenamiento fue integral y exigente. Incluy\u00f3 pruebas f\u00edsicas, t\u00e9cnicas de conducci\u00f3n y frenado, postura adecuada, destreza sobre motocicletas, mec\u00e1nica ligera, conocimientos de las partes del veh\u00edculo y desplazamientos tanto en calles como en terrenos irregulares y zonas agrestes de la provincia. En estos \u00faltimos, se practicaron t\u00e9cnicas b\u00e1sicas de ascenso, descenso y frenado.<\/p>\n<p><strong>En las etapas avanzadas, los cursantes integraron pelotones que realizaron simulacros de intervenciones en escenarios de alto riesgo. Adem\u00e1s, recibieron formaci\u00f3n en combate motorizado, desplazamientos bajo condiciones de estr\u00e9s controlado y manejo de escopetas, respetando todas las medidas de seguridad.<\/strong><\/p>\n<p>La capacitaci\u00f3n tambi\u00e9n abord\u00f3 punter\u00eda y tiro de combate, con el objetivo de afianzar el manejo seguro del armamento, reducir m\u00e1rgenes de error y mejorar el uso del equipamiento policial con profesionalismo.<\/p>\n","protected":false},"excerpt":{"rendered":"<p>Efectivos de todo el pa\u00eds eligieron a la Polic\u00eda de Mendoza para entrenarse ante situaciones de alto riesgo. El curso, dictado &#8230;<\/p>\n","protected":false},"author":7,"featured_media":148483,"comment_status":"open","ping_status":"open","sticky":false,"template":"","format":"standard","meta":{"footnotes":""},"categories":[10,33],"tags":[],"class_list":["post-148482","post","type-post","status-publish","format-standard","has-post-thumbnail","hentry","category-destacadas","category-seguridad"],"_links":{"self":[{"href":"https:\/\/vinasfm.com\/noticias\/wp-json\/wp\/v2\/posts\/148482","targetHints":{"allow":["GET"]}}],"collection":[{"href":"https:\/\/vinasfm.com\/noticias\/wp-json\/wp\/v2\/posts"}],"about":[{"href":"https:\/\/vinasfm.com\/noticias\/wp-json\/wp\/v2\/types\/post"}],"author":[{"embeddable":true,"href":"https:\/\/vinasfm.com\/noticias\/wp-json\/wp\/v2\/users\/7"}],"replies":[{"embeddable":true,"href":"https:\/\/vinasfm.com\/noticias\/wp-json\/wp\/v2\/comments?post=148482"}],"version-history":[{"count":1,"href":"https:\/\/vinasfm.com\/noticias\/wp-json\/wp\/v2\/posts\/148482\/revisions"}],"predecessor-version":[{"id":148484,"href":"https:\/\/vinasfm.com\/noticias\/wp-json\/wp\/v2\/posts\/148482\/revisions\/148484"}],"wp:featuredmedia":[{"embeddable":true,"href":"https:\/\/vinasfm.com\/noticias\/wp-json\/wp\/v2\/media\/148483"}],"wp:attachment":[{"href":"https:\/\/vinasfm.com\/noticias\/wp-json\/wp\/v2\/media?parent=148482"}],"wp:term":[{"taxonomy":"category","embeddable":true,"href":"https:\/\/vinasfm.com\/noticias\/wp-json\/wp\/v2\/categories?post=148482"},{"taxonomy":"post_tag","embeddable":true,"href":"https:\/\/vinasfm.com\/noticias\/wp-json\/wp\/v2\/tags?post=148482"}],"curies":[{"name":"wp","href":"https:\/\/api.w.org\/{rel}","templated":true}]}}