{"id":148454,"date":"2025-05-17T11:41:00","date_gmt":"2025-05-17T14:41:00","guid":{"rendered":"https:\/\/vinasfm.com\/noticias\/?p=148454"},"modified":"2025-05-19T10:10:59","modified_gmt":"2025-05-19T13:10:59","slug":"temporada-de-poda-en-mendoza-solo-estan-autorizados-municipios-vialidad-irrigacion-y-empresas-electricas","status":"publish","type":"post","link":"https:\/\/vinasfm.com\/noticias\/temporada-de-poda-en-mendoza-solo-estan-autorizados-municipios-vialidad-irrigacion-y-empresas-electricas\/","title":{"rendered":"TEMPORADA DE PODA EN MENDOZA: SOLO EST\u00c1N AUTORIZADOS MUNICIPIOS, VIALIDAD, IRRIGACI\u00d3N Y EMPRESAS EL\u00c9CTRICAS"},"content":{"rendered":"<h4><strong><span style=\"color: #003300;\">La temporada se extiende hasta el 31 de agosto. El Ministerio de Energ\u00eda y Ambiente recuerda que la poda responsable es fundamental para conservar un arbolado urbano seguro, sano y adaptado al entorno. Las personas individuales no tienen competencia legal para hacerlo y eso est\u00e1 multado por ley.<\/span><\/strong><\/h4>\n<p>Desde el 2 de mayo y hasta el 31 de agosto rige en toda la provincia la temporada de poda ordinaria, cuyo objetivo es realizar tareas de mantenimiento y conducci\u00f3n del arbolado p\u00fablico para preservar los ejemplares y evitar interferencias con la infraestructura urbana y los servicios esenciales.<\/p>\n<p><strong>Las tareas est\u00e1n exclusivamente a cargo de personal autorizado de las municipalidades y de las empresas el\u00e9ctricas habilitadas, quienes deben contar con el permiso correspondiente para intervenir sobre el arbolado en la v\u00eda p\u00fablica, con supervisi\u00f3n de un ingeniero agr\u00f3nomo o forestal.<\/strong><\/p>\n<h2><strong>\u00bfQu\u00e9 se poda y por qu\u00e9?<\/strong><\/h2>\n<p>La poda ordinaria se enfoca en eliminar ramas que interfieren con:<br \/>\n\u2022 Se\u00f1ales viales<br \/>\n\u2022 Luminarias<br \/>\n\u2022 Sem\u00e1foros<br \/>\n\u2022 Carteles<br \/>\n\u2022 Techos y cableado a\u00e9reo<\/p>\n<p><strong><em>\u201cEl objetivo es guiar el desarrollo del \u00e1rbol para que conviva adecuadamente con el entorno urbano. Para realizar esta labor, se exige el uso de herramientas apropiadas y la supervisi\u00f3n de un ingeniero agr\u00f3nomo o forestal, quien debe garantizar que las pr\u00e1cticas se realicen conforme a los criterios t\u00e9cnicos establecidos\u201d<\/em><\/strong>, se\u00f1al\u00f3 el <em>director de Biodiversidad y Ecoparque,<\/em> <span style=\"color: #003366;\"><strong>Ignacio Haudet.<\/strong><\/span><\/p>\n<h3><strong>Solo con autorizaci\u00f3n oficial<\/strong><\/h3>\n<p>Est\u00e1n habilitados a realizar estas tareas \u00fanicamente los municipios, Vialidad, Irrigaci\u00f3n y las empresas el\u00e9ctricas que hayan tramitado la autorizaci\u00f3n correspondiente. La intervenci\u00f3n de personas f\u00edsicas no autorizadas est\u00e1 expresamente prohibida y sujeta a sanciones.<\/p>\n<p><strong><em>\u201cLas personas individuales no deben tocar el \u00e1rbol. No tienen competencia legal para hacerlo y eso est\u00e1 multado por ley. Esta es una \u00e9poca clave en la que se forma al \u00e1rbol para que no interfiera con los servicios p\u00fablicos. Es importante entender que esto es parte de los servicios, no una complicaci\u00f3n\u201d<\/em><\/strong>, agreg\u00f3 Haudet.<\/p>\n<h3><strong>Una pr\u00e1ctica esencial para un arbolado sano<\/strong><\/h3>\n<p>Desde el Ministerio de Energ\u00eda y Ambiente se promueven pr\u00e1cticas sostenibles que garanticen la protecci\u00f3n del patrimonio natural de Mendoza. La poda responsable es una herramienta fundamental para conservar un arbolado urbano seguro, sano y adaptado al entorno.<\/p>\n<p>Ante cualquier duda, consulta o denuncia sobre intervenciones no autorizadas, se recomienda comunicarse con el municipio correspondiente o con la\u00a0<a href=\"https:\/\/ticketsform.mendoza.gov.ar\/ticketsform\/servlet\/responderformulario?PORTAL_AMBIENTE\" data-type=\"URL\" data-id=\"https:\/\/ticketsform.mendoza.gov.ar\/ticketsform\/servlet\/responderformulario?PORTAL_AMBIENTE\">Direcci\u00f3n de Biodiversidad y Ecoparque<\/a><\/p>\n","protected":false},"excerpt":{"rendered":"<p>La temporada se extiende hasta el 31 de agosto. El Ministerio de Energ\u00eda y Ambiente recuerda que la poda responsable es &#8230;<\/p>\n","protected":false},"author":7,"featured_media":148455,"comment_status":"open","ping_status":"open","sticky":false,"template":"","format":"standard","meta":{"footnotes":""},"categories":[14,192],"tags":[],"class_list":["post-148454","post","type-post","status-publish","format-standard","has-post-thumbnail","hentry","category-agro","category-gestion-ambiental"],"_links":{"self":[{"href":"https:\/\/vinasfm.com\/noticias\/wp-json\/wp\/v2\/posts\/148454","targetHints":{"allow":["GET"]}}],"collection":[{"href":"https:\/\/vinasfm.com\/noticias\/wp-json\/wp\/v2\/posts"}],"about":[{"href":"https:\/\/vinasfm.com\/noticias\/wp-json\/wp\/v2\/types\/post"}],"author":[{"embeddable":true,"href":"https:\/\/vinasfm.com\/noticias\/wp-json\/wp\/v2\/users\/7"}],"replies":[{"embeddable":true,"href":"https:\/\/vinasfm.com\/noticias\/wp-json\/wp\/v2\/comments?post=148454"}],"version-history":[{"count":1,"href":"https:\/\/vinasfm.com\/noticias\/wp-json\/wp\/v2\/posts\/148454\/revisions"}],"predecessor-version":[{"id":148456,"href":"https:\/\/vinasfm.com\/noticias\/wp-json\/wp\/v2\/posts\/148454\/revisions\/148456"}],"wp:featuredmedia":[{"embeddable":true,"href":"https:\/\/vinasfm.com\/noticias\/wp-json\/wp\/v2\/media\/148455"}],"wp:attachment":[{"href":"https:\/\/vinasfm.com\/noticias\/wp-json\/wp\/v2\/media?parent=148454"}],"wp:term":[{"taxonomy":"category","embeddable":true,"href":"https:\/\/vinasfm.com\/noticias\/wp-json\/wp\/v2\/categories?post=148454"},{"taxonomy":"post_tag","embeddable":true,"href":"https:\/\/vinasfm.com\/noticias\/wp-json\/wp\/v2\/tags?post=148454"}],"curies":[{"name":"wp","href":"https:\/\/api.w.org\/{rel}","templated":true}]}}