{"id":148443,"date":"2025-05-17T10:26:02","date_gmt":"2025-05-17T13:26:02","guid":{"rendered":"https:\/\/vinasfm.com\/noticias\/?p=148443"},"modified":"2025-05-19T08:38:21","modified_gmt":"2025-05-19T11:38:21","slug":"robo-en-una-obra-en-construccion-sustrajeron-herramientas-y-materiales","status":"publish","type":"post","link":"https:\/\/vinasfm.com\/noticias\/robo-en-una-obra-en-construccion-sustrajeron-herramientas-y-materiales\/","title":{"rendered":"ROBO EN UNA OBRA EN CONSTRUCCI\u00d3N: SUSTRAJERON HERRAMIENTAS Y MATERIALES"},"content":{"rendered":"<p data-sourcepos=\"3:1-3:197\"><span style=\"color: #003300;\"><strong>En la jornada del viernes, alrededor de las 14:10 hs, se registr\u00f3 un robo en una obra en construcci\u00f3n ubicada en la intersecci\u00f3n de la Calle 10 y la calle E.<\/strong><\/span><\/p>\n<p data-sourcepos=\"5:1-5:245\">Seg\u00fan la denuncia radicada en la Comisar\u00eda 14, la v\u00edctima, identificada como G.A., de 44 a\u00f1os, <strong>manifest\u00f3 que desconocidos ingresaron al predio tras forzar una ventana y sustrajeron una importante cantidad de herramientas y materiales de trabajo.<\/strong><\/p>\n<p data-sourcepos=\"7:1-7:268\">Entre los elementos robados se encuentran: <strong>una amoladora Skil, varios alargues, una pala de cabo corto, un asad\u00f3n, cucharas de alba\u00f1iler\u00eda, un martillo, una masa, un ventilador negro, cuatro cajas de cer\u00e1mica, tres bolsas de pegamento y un parlante negro marca Peaker.<\/strong><\/p>\n<p data-sourcepos=\"9:1-9:167\">Tras la denuncia, se llevaron a cabo las actuaciones correspondientes y se dio intervenci\u00f3n a la autoridad judicial competente para iniciar la investigaci\u00f3n del hecho.<\/p>\n","protected":false},"excerpt":{"rendered":"<p>En la jornada del viernes, alrededor de las 14:10 hs, se registr\u00f3 un robo en una obra en construcci\u00f3n ubicada en &#8230;<\/p>\n","protected":false},"author":7,"featured_media":144030,"comment_status":"open","ping_status":"open","sticky":false,"template":"","format":"standard","meta":{"footnotes":""},"categories":[201,4],"tags":[],"class_list":["post-148443","post","type-post","status-publish","format-standard","has-post-thumbnail","hentry","category-inseguridad","category-policiales"],"_links":{"self":[{"href":"https:\/\/vinasfm.com\/noticias\/wp-json\/wp\/v2\/posts\/148443","targetHints":{"allow":["GET"]}}],"collection":[{"href":"https:\/\/vinasfm.com\/noticias\/wp-json\/wp\/v2\/posts"}],"about":[{"href":"https:\/\/vinasfm.com\/noticias\/wp-json\/wp\/v2\/types\/post"}],"author":[{"embeddable":true,"href":"https:\/\/vinasfm.com\/noticias\/wp-json\/wp\/v2\/users\/7"}],"replies":[{"embeddable":true,"href":"https:\/\/vinasfm.com\/noticias\/wp-json\/wp\/v2\/comments?post=148443"}],"version-history":[{"count":1,"href":"https:\/\/vinasfm.com\/noticias\/wp-json\/wp\/v2\/posts\/148443\/revisions"}],"predecessor-version":[{"id":148444,"href":"https:\/\/vinasfm.com\/noticias\/wp-json\/wp\/v2\/posts\/148443\/revisions\/148444"}],"wp:featuredmedia":[{"embeddable":true,"href":"https:\/\/vinasfm.com\/noticias\/wp-json\/wp\/v2\/media\/144030"}],"wp:attachment":[{"href":"https:\/\/vinasfm.com\/noticias\/wp-json\/wp\/v2\/media?parent=148443"}],"wp:term":[{"taxonomy":"category","embeddable":true,"href":"https:\/\/vinasfm.com\/noticias\/wp-json\/wp\/v2\/categories?post=148443"},{"taxonomy":"post_tag","embeddable":true,"href":"https:\/\/vinasfm.com\/noticias\/wp-json\/wp\/v2\/tags?post=148443"}],"curies":[{"name":"wp","href":"https:\/\/api.w.org\/{rel}","templated":true}]}}