{"id":148436,"date":"2025-05-17T10:16:45","date_gmt":"2025-05-17T13:16:45","guid":{"rendered":"https:\/\/vinasfm.com\/noticias\/?p=148436"},"modified":"2025-05-19T08:44:34","modified_gmt":"2025-05-19T11:44:34","slug":"el-cine-teatro-fue-el-escenario-de-una-jornada-para-la-prevencion-del-suicidios","status":"publish","type":"post","link":"https:\/\/vinasfm.com\/noticias\/el-cine-teatro-fue-el-escenario-de-una-jornada-para-la-prevencion-del-suicidios\/","title":{"rendered":"ALVEAR VIVI\u00d3 UNA JORNADA PARA LA PREVENCI\u00d3N DEL SUICIDIOS"},"content":{"rendered":"<h4><span style=\"color: #003300;\"><strong>Durante la ma\u00f1ana de este jueves 16 de mayo se llev\u00f3 a cabo en el Cine Teatro Antonio Lafalla las Jornadas de Prevenci\u00f3n del Suicidio, bajo el lema Encuentro con la Vida. La actividad estuvo dirigida a docentes y miembros de la comunidad educativa del departamento y continuar\u00e1 en Casa Salonia, destinada a organizaciones sociales.<\/strong><\/span><\/h4>\n<p>El encuentro fue organizado de manera conjunta por el <strong>Hospital Enfermeros Argentinos<\/strong>, el programa <span style=\"color: #993366;\"><strong>Cont\u00e1 Conmigo<\/strong><\/span>,<strong> la Direcci\u00f3n de Salud Mental de Mendoza y la Municipalidad de General Alvear<\/strong>. La iniciativa busca fortalecer el abordaje integral y comunitario de una problem\u00e1tica compleja y creciente como es el suicidio, especialmente entre ni\u00f1os, ni\u00f1as y adolescentes.<\/p>\n<p><strong><span style=\"color: #003366;\">Abel Pino<\/span><\/strong>, <em>referente del programa Cont\u00e1 Conmigo<\/em>, explic\u00f3 que la jornada forma parte de una serie de encuentros que tambi\u00e9n se realizar\u00e1n el pr\u00f3ximo 23 de mayo, y que buscan acercar herramientas concretas para la detecci\u00f3n y prevenci\u00f3n del suicidio en \u00e1mbitos educativos y comunitarios.<\/p>\n<p><strong><em>\u201cLa idea es hacer un trabajo conjunto, acercarnos a las escuelas, salir al encuentro frente a esta problem\u00e1tica que nos convoca. El suicidio es una problem\u00e1tica compleja, multicausal, que requiere de un abordaje cercano y en red con las comunidades educativas y con toda la sociedad\u201d<\/em><\/strong>, expres\u00f3 Pino.<\/p>\n<p><strong><em>\u201cHoy por la ma\u00f1ana, la actividad estuvo destinada a docentes, con la participaci\u00f3n de la licenciada Claudia Mota, directora del Programa de Prevenci\u00f3n para el Abordaje del Suicidio de Mendoza, y la licenciada Florencia L\u00eda, coordinadora de la Zona Sur de la Direcci\u00f3n de Salud Mental\u201d.<\/em><\/strong><\/p>\n<p><a href=\"https:\/\/vinasfm.com\/noticias\/wp-content\/uploads\/2025\/05\/IMG-20250516-WA0051.jpg\"><img loading=\"lazy\" decoding=\"async\" class=\"wp-image-148439 aligncenter\" src=\"https:\/\/vinasfm.com\/noticias\/wp-content\/uploads\/2025\/05\/IMG-20250516-WA0051-1024x576.jpg\" alt=\"\" width=\"600\" height=\"338\" srcset=\"https:\/\/vinasfm.com\/noticias\/wp-content\/uploads\/2025\/05\/IMG-20250516-WA0051-1024x576.jpg 1024w, https:\/\/vinasfm.com\/noticias\/wp-content\/uploads\/2025\/05\/IMG-20250516-WA0051-300x169.jpg 300w, https:\/\/vinasfm.com\/noticias\/wp-content\/uploads\/2025\/05\/IMG-20250516-WA0051-768x432.jpg 768w, https:\/\/vinasfm.com\/noticias\/wp-content\/uploads\/2025\/05\/IMG-20250516-WA0051-1536x864.jpg 1536w, https:\/\/vinasfm.com\/noticias\/wp-content\/uploads\/2025\/05\/IMG-20250516-WA0051-1140x641.jpg 1140w, https:\/\/vinasfm.com\/noticias\/wp-content\/uploads\/2025\/05\/IMG-20250516-WA0051.jpg 1600w\" sizes=\"auto, (max-width: 600px) 100vw, 600px\" \/><\/a><\/p>\n<p>Por la tarde, la jornada continua en Casa Salonia, donde est\u00e1n convocadas diversas organizaciones sociales, clubes, comedores, iglesias y agrupaciones que trabajan con j\u00f3venes y adolescentes, el grupo m\u00e1s vulnerable frente a esta problem\u00e1tica.<\/p>\n<p>El <em>director del Hospital Enfermeros Argentinos<\/em> <span style=\"color: #003366;\"><strong>Alejandro Torres<\/strong><\/span>, tambi\u00e9n presente en la jornada, remarc\u00f3 la gravedad del tema:<\/p>\n<p><em><strong>\u201cEl suicidio es un flagelo que afecta a todo el pa\u00eds y no podemos mirar hacia otro lado. Debemos involucrarnos todos: escuelas, sistemas de salud, instituciones religiosas y la comunidad en general. Hay un proceso silencioso antes del hecho, y estas jornadas buscan dar herramientas para intervenir a tiempo\u201d.<\/strong><\/em><\/p>\n<p>El programa Cont\u00e1 Conmigo, nacido en el Hospital Enfermeros Argentinos hace cuatro a\u00f1os, surgi\u00f3 precisamente ante la falta de dispositivos de contenci\u00f3n para adolescentes con conductas suicidas o en situaci\u00f3n de adicciones. Hoy cuenta con una fuerte participaci\u00f3n familiar y se proyecta su implementaci\u00f3n a nivel provincial.<\/p>\n<p><strong><em>\u201cEs un trabajo inc\u00f3modo, que duele, cuesta hablar del suicidio, pero es fundamental visibilizarlo para poder prevenirlo\u201d<\/em><\/strong>, concluy\u00f3 Torres.<\/p>\n<p>Las jornadas continuar\u00e1n el pr\u00f3ximo jueves 23 de mayo, reforzando el compromiso institucional y comunitario con la prevenci\u00f3n del suicidio en General Alvear.<\/p>\n","protected":false},"excerpt":{"rendered":"<p>Durante la ma\u00f1ana de este jueves 16 de mayo se llev\u00f3 a cabo en el Cine Teatro Antonio Lafalla las Jornadas &#8230;<\/p>\n","protected":false},"author":7,"featured_media":148440,"comment_status":"open","ping_status":"open","sticky":false,"template":"","format":"standard","meta":{"footnotes":""},"categories":[15,11],"tags":[],"class_list":["post-148436","post","type-post","status-publish","format-standard","has-post-thumbnail","hentry","category-salud","category-sociales"],"_links":{"self":[{"href":"https:\/\/vinasfm.com\/noticias\/wp-json\/wp\/v2\/posts\/148436","targetHints":{"allow":["GET"]}}],"collection":[{"href":"https:\/\/vinasfm.com\/noticias\/wp-json\/wp\/v2\/posts"}],"about":[{"href":"https:\/\/vinasfm.com\/noticias\/wp-json\/wp\/v2\/types\/post"}],"author":[{"embeddable":true,"href":"https:\/\/vinasfm.com\/noticias\/wp-json\/wp\/v2\/users\/7"}],"replies":[{"embeddable":true,"href":"https:\/\/vinasfm.com\/noticias\/wp-json\/wp\/v2\/comments?post=148436"}],"version-history":[{"count":3,"href":"https:\/\/vinasfm.com\/noticias\/wp-json\/wp\/v2\/posts\/148436\/revisions"}],"predecessor-version":[{"id":148481,"href":"https:\/\/vinasfm.com\/noticias\/wp-json\/wp\/v2\/posts\/148436\/revisions\/148481"}],"wp:featuredmedia":[{"embeddable":true,"href":"https:\/\/vinasfm.com\/noticias\/wp-json\/wp\/v2\/media\/148440"}],"wp:attachment":[{"href":"https:\/\/vinasfm.com\/noticias\/wp-json\/wp\/v2\/media?parent=148436"}],"wp:term":[{"taxonomy":"category","embeddable":true,"href":"https:\/\/vinasfm.com\/noticias\/wp-json\/wp\/v2\/categories?post=148436"},{"taxonomy":"post_tag","embeddable":true,"href":"https:\/\/vinasfm.com\/noticias\/wp-json\/wp\/v2\/tags?post=148436"}],"curies":[{"name":"wp","href":"https:\/\/api.w.org\/{rel}","templated":true}]}}