{"id":148426,"date":"2025-05-16T11:41:22","date_gmt":"2025-05-16T14:41:22","guid":{"rendered":"https:\/\/vinasfm.com\/noticias\/?p=148426"},"modified":"2025-05-18T21:37:16","modified_gmt":"2025-05-19T00:37:16","slug":"general-alvear-se-prepara-para-una-mega-celebracion-llega-la-fiesta-de-la-cerveza-del-sur-mendocino","status":"publish","type":"post","link":"https:\/\/vinasfm.com\/noticias\/general-alvear-se-prepara-para-una-mega-celebracion-llega-la-fiesta-de-la-cerveza-del-sur-mendocino\/","title":{"rendered":"LLEGA LA FIESTA DE LA CERVEZA A GENERAL ALVEAR"},"content":{"rendered":"<p class=\"\" data-start=\"106\" data-end=\"444\"><strong><span style=\"color: #003300;\">En un nuevo esfuerzo por consolidar a General Alvear como un polo cultural y tur\u00edstico en la regi\u00f3n, el municipio anunci\u00f3 oficialmente la realizaci\u00f3n de la Fiesta de la Cerveza del Sur Mendocino, un evento de gran envergadura que se llevar\u00e1 a cabo el pr\u00f3ximo 27 de septiembre en el predio ferial local.<\/span><\/strong><\/p>\n<p data-start=\"106\" data-end=\"444\">Durante la presentaci\u00f3n, el<em> secretario de Gobierno<\/em>, <span style=\"color: #003366;\"><strong data-start=\"498\" data-end=\"519\">Fabio G\u00f3mez Parra<\/strong><\/span>, destac\u00f3 que este festival se enmarca dentro de la pol\u00edtica de impulso a los eventos culturales, deportivos y sociales que viene desarrollando la gesti\u00f3n del intendente Alejandro Molero. <strong><em>\u201cSiguiendo los lineamientos de trabajo que venimos impulsando desde hace un a\u00f1o y medio, este tipo de eventos no solo tienen un impacto social y cultural muy fuerte, sino tambi\u00e9n econ\u00f3mico. Cada vez que se realiza una propuesta de esta magnitud, se moviliza el comercio, la hoteler\u00eda, la gastronom\u00eda, los kioscos, estaciones de servicio y todo el sector tur\u00edstico en general\u201d<\/em><\/strong>, expres\u00f3 G\u00f3mez Parra.<\/p>\n<div id=\"attachment_148428\" style=\"width: 600px\" class=\"wp-caption aligncenter\"><a href=\"https:\/\/vinasfm.com\/noticias\/wp-content\/uploads\/2025\/05\/Imagen-de-WhatsApp-2025-05-16-a-las-10.59.14_0f7543de.jpg\"><img loading=\"lazy\" decoding=\"async\" aria-describedby=\"caption-attachment-148428\" class=\"wp-image-148428\" src=\"https:\/\/vinasfm.com\/noticias\/wp-content\/uploads\/2025\/05\/Imagen-de-WhatsApp-2025-05-16-a-las-10.59.14_0f7543de.jpg\" alt=\"\" width=\"600\" height=\"338\" srcset=\"https:\/\/vinasfm.com\/noticias\/wp-content\/uploads\/2025\/05\/Imagen-de-WhatsApp-2025-05-16-a-las-10.59.14_0f7543de.jpg 1600w, https:\/\/vinasfm.com\/noticias\/wp-content\/uploads\/2025\/05\/Imagen-de-WhatsApp-2025-05-16-a-las-10.59.14_0f7543de-300x169.jpg 300w, https:\/\/vinasfm.com\/noticias\/wp-content\/uploads\/2025\/05\/Imagen-de-WhatsApp-2025-05-16-a-las-10.59.14_0f7543de-1024x577.jpg 1024w, https:\/\/vinasfm.com\/noticias\/wp-content\/uploads\/2025\/05\/Imagen-de-WhatsApp-2025-05-16-a-las-10.59.14_0f7543de-768x432.jpg 768w, https:\/\/vinasfm.com\/noticias\/wp-content\/uploads\/2025\/05\/Imagen-de-WhatsApp-2025-05-16-a-las-10.59.14_0f7543de-1536x865.jpg 1536w, https:\/\/vinasfm.com\/noticias\/wp-content\/uploads\/2025\/05\/Imagen-de-WhatsApp-2025-05-16-a-las-10.59.14_0f7543de-1140x641.jpg 1140w\" sizes=\"auto, (max-width: 600px) 100vw, 600px\" \/><\/a><p id=\"caption-attachment-148428\" class=\"wp-caption-text\">El secretario de Gobierno, Fabio Gomez Parra, junto al Coordinador de Gabinete, Juan Tieppo.<\/p><\/div>\n<p class=\"\" data-start=\"1109\" data-end=\"1292\">Por su parte, el<em> Coordinador de Gabinete<\/em>,<span style=\"color: #003366;\"><strong data-start=\"1151\" data-end=\"1165\"> Juan Tieppo<\/strong><\/span>, brind\u00f3 los detalles del festival, que promete ser uno de los eventos culturales m\u00e1s grandes que haya vivido el sur mendocino.<em><strong> \u201cSe trata de un festival con la presencia de ocho bandas de renombre nacional, entre ellas<\/strong> <span style=\"color: #003366;\">El Plan de la Mariposa, Estelares, Natalie P\u00e9rez, Los Tipitos, Gauchito Club, Los Caligaris, Manu Mart\u00ednez, y artistas locales como Kratevas, Rockandbeer, El desquite de tomasa, Echarenmano, Camila Perez, Satiro Jeek, Texturizados, Juanpi Ca\u00f1ada<\/span><\/em>.\u00a0<strong><em>Adem\u00e1s, se abrir\u00e1 una convocatoria para que bandas del sur mendocino puedan postularse y participar\u201d<\/em><\/strong>, se\u00f1al\u00f3 Tiepo.<\/p>\n<p class=\"\" data-start=\"1639\" data-end=\"2080\">El evento ser\u00e1 de <strong data-start=\"1657\" data-end=\"1672\">un solo d\u00eda<\/strong>, con inicio a las <strong data-start=\"1691\" data-end=\"1703\">14:00 horas<\/strong>, y contar\u00e1 con <strong data-start=\"1719\" data-end=\"1750\">tres escenarios simult\u00e1neos<\/strong>, buscando un formato din\u00e1mico e innovador, similar al de festivales como Lollapalooza o Cosqu\u00edn Rock. El Predio Ferial se convertir\u00e1 en un espacio interactivo con <strong data-start=\"1914\" data-end=\"2012\">islas de cerveza artesanal e industrial, food trucks, espacios culturales y de entretenimiento<\/strong>, incluyendo barber\u00edas y propuestas de hacedores culturales locales.<\/p>\n<p class=\"\" data-start=\"1639\" data-end=\"2080\"><strong><em>\u201cQueremos que este festival sea una verdadera vidriera del talento regional y nacional, y que General Alvear comience a posicionarse como un destino tur\u00edstico clave para ese fin de semana. Todo est\u00e1 pensado para que se viva una experiencia integral, que trascienda lo musical y ponga en valor todo el potencial del departamento\u201d<\/em><\/strong>, agreg\u00f3 Tiepo.<\/p>\n<p class=\"\" data-start=\"2429\" data-end=\"2785\">La producci\u00f3n estar\u00e1 a cargo de <strong>300 Producciones<\/strong>, con quien el municipio ya trabaj\u00f3 en eventos anteriores como el festival \u201cDividido\u201d. Las entradas ya est\u00e1n disponibles a un precio inicial de <strong data-start=\"2626\" data-end=\"2637\">$35.000<\/strong>, a la venta a trav\u00e9s de <a href=\"https:\/\/www.ticketek.com.ar\/fiesta-de-la-cerveza\/predio-ferial-general-alvear\"><strong data-start=\"2662\" data-end=\"2674\">Ticketek<\/strong><\/a>, y a partir del pr\u00f3ximo mi\u00e9rcoles tambi\u00e9n podr\u00e1n adquirirse en el <strong data-start=\"2741\" data-end=\"2751\">Teatro<\/strong> y en el <strong data-start=\"2760\" data-end=\"2784\">Informador Tur\u00edstico<\/strong>.<\/p>\n<p data-start=\"2429\" data-end=\"2785\"><a href=\"https:\/\/vinasfm.com\/noticias\/wp-content\/uploads\/2025\/05\/Imagen-de-WhatsApp-2025-05-16-a-las-11.23.22_3ad4f232.jpg\"><img loading=\"lazy\" decoding=\"async\" class=\"alignnone wp-image-148429\" src=\"https:\/\/vinasfm.com\/noticias\/wp-content\/uploads\/2025\/05\/Imagen-de-WhatsApp-2025-05-16-a-las-11.23.22_3ad4f232-578x1024.jpg\" alt=\"\" width=\"350\" height=\"620\" srcset=\"https:\/\/vinasfm.com\/noticias\/wp-content\/uploads\/2025\/05\/Imagen-de-WhatsApp-2025-05-16-a-las-11.23.22_3ad4f232-578x1024.jpg 578w, https:\/\/vinasfm.com\/noticias\/wp-content\/uploads\/2025\/05\/Imagen-de-WhatsApp-2025-05-16-a-las-11.23.22_3ad4f232-169x300.jpg 169w, https:\/\/vinasfm.com\/noticias\/wp-content\/uploads\/2025\/05\/Imagen-de-WhatsApp-2025-05-16-a-las-11.23.22_3ad4f232.jpg 723w\" sizes=\"auto, (max-width: 350px) 100vw, 350px\" \/><\/a> <a href=\"https:\/\/vinasfm.com\/noticias\/wp-content\/uploads\/2025\/05\/Imagen-de-WhatsApp-2025-05-16-a-las-11.23.22_1389811a.jpg\"><img loading=\"lazy\" decoding=\"async\" class=\"alignnone wp-image-148430\" src=\"https:\/\/vinasfm.com\/noticias\/wp-content\/uploads\/2025\/05\/Imagen-de-WhatsApp-2025-05-16-a-las-11.23.22_1389811a-587x1024.jpg\" alt=\"\" width=\"356\" height=\"620\" srcset=\"https:\/\/vinasfm.com\/noticias\/wp-content\/uploads\/2025\/05\/Imagen-de-WhatsApp-2025-05-16-a-las-11.23.22_1389811a-587x1024.jpg 587w, https:\/\/vinasfm.com\/noticias\/wp-content\/uploads\/2025\/05\/Imagen-de-WhatsApp-2025-05-16-a-las-11.23.22_1389811a-172x300.jpg 172w, https:\/\/vinasfm.com\/noticias\/wp-content\/uploads\/2025\/05\/Imagen-de-WhatsApp-2025-05-16-a-las-11.23.22_1389811a.jpg 734w\" sizes=\"auto, (max-width: 356px) 100vw, 356px\" \/><\/a><\/p>\n<p class=\"\" data-start=\"2787\" data-end=\"2983\">El municipio tambi\u00e9n confirm\u00f3 que se encuentra trabajando con prestadores tur\u00edsticos y gastron\u00f3micos para garantizar la infraestructura necesaria frente a la esperada llegada masiva de visitantes.<\/p>\n<p class=\"\" data-start=\"2985\" data-end=\"3176\">La <strong data-start=\"2988\" data-end=\"3030\">Fiesta de la Cerveza del Sur Mendocino<\/strong> se proyecta como un evento bisagra, con la ambici\u00f3n de instalarse como una fecha fija dentro del calendario cultural y tur\u00edstico de la provincia.<\/p>\n","protected":false},"excerpt":{"rendered":"<p>En un nuevo esfuerzo por consolidar a General Alvear como un polo cultural y tur\u00edstico en la regi\u00f3n, el municipio anunci\u00f3 &#8230;<\/p>\n","protected":false},"author":7,"featured_media":148427,"comment_status":"open","ping_status":"open","sticky":false,"template":"","format":"standard","meta":{"footnotes":""},"categories":[5,19],"tags":[],"class_list":["post-148426","post","type-post","status-publish","format-standard","has-post-thumbnail","hentry","category-actualidad","category-cultura"],"_links":{"self":[{"href":"https:\/\/vinasfm.com\/noticias\/wp-json\/wp\/v2\/posts\/148426","targetHints":{"allow":["GET"]}}],"collection":[{"href":"https:\/\/vinasfm.com\/noticias\/wp-json\/wp\/v2\/posts"}],"about":[{"href":"https:\/\/vinasfm.com\/noticias\/wp-json\/wp\/v2\/types\/post"}],"author":[{"embeddable":true,"href":"https:\/\/vinasfm.com\/noticias\/wp-json\/wp\/v2\/users\/7"}],"replies":[{"embeddable":true,"href":"https:\/\/vinasfm.com\/noticias\/wp-json\/wp\/v2\/comments?post=148426"}],"version-history":[{"count":2,"href":"https:\/\/vinasfm.com\/noticias\/wp-json\/wp\/v2\/posts\/148426\/revisions"}],"predecessor-version":[{"id":148432,"href":"https:\/\/vinasfm.com\/noticias\/wp-json\/wp\/v2\/posts\/148426\/revisions\/148432"}],"wp:featuredmedia":[{"embeddable":true,"href":"https:\/\/vinasfm.com\/noticias\/wp-json\/wp\/v2\/media\/148427"}],"wp:attachment":[{"href":"https:\/\/vinasfm.com\/noticias\/wp-json\/wp\/v2\/media?parent=148426"}],"wp:term":[{"taxonomy":"category","embeddable":true,"href":"https:\/\/vinasfm.com\/noticias\/wp-json\/wp\/v2\/categories?post=148426"},{"taxonomy":"post_tag","embeddable":true,"href":"https:\/\/vinasfm.com\/noticias\/wp-json\/wp\/v2\/tags?post=148426"}],"curies":[{"name":"wp","href":"https:\/\/api.w.org\/{rel}","templated":true}]}}