{"id":148384,"date":"2025-05-15T18:36:05","date_gmt":"2025-05-15T21:36:05","guid":{"rendered":"https:\/\/vinasfm.com\/noticias\/?p=148384"},"modified":"2025-05-16T12:20:39","modified_gmt":"2025-05-16T15:20:39","slug":"duro-reves-para-los-concejales-que-denunciaron-irregularidades-en-el-embellecimiento-de-los-accesos","status":"publish","type":"post","link":"https:\/\/vinasfm.com\/noticias\/duro-reves-para-los-concejales-que-denunciaron-irregularidades-en-el-embellecimiento-de-los-accesos\/","title":{"rendered":"DURO REV\u00c9S PARA LOS CONCEJALES QUE DENUNCIARON IRREGULARIDADES EN EL EMBELLECIMIENTO DE LOS ACCESOS"},"content":{"rendered":"<h4><span style=\"color: #003300;\"><strong>Fiscal\u00eda de Estado y Tribunal de Cuentas desestimaron las acusaciones y destacaron la legalidad de la licitaci\u00f3n y posterior obra realizada por la comuna.<\/strong><\/span><\/h4>\n<p>En la ma\u00f1ana del martes, el intendente de General Alvear, <span style=\"color: #003366;\"><strong>Alejandro Molero<\/strong><\/span>, convoc\u00f3 a una conferencia de prensa para <strong>presentar los dict\u00e1menes oficiales que desmienten categ\u00f3ricamente las denuncias de irregularidades en el plan de embellecimiento<\/strong> de los accesos al departamento. Tanto el <strong>Tribunal de Cuentas como la Fiscal\u00eda de Estado de Mendoza ratificaron que no existieron anomal\u00edas en los procedimientos administrativos<\/strong> ni en los gastos destinados a la implantaci\u00f3n de rosales y otras especies ornamentales.<\/p>\n<p>Molero no solo mostr\u00f3 la documentaci\u00f3n oficial \u2014a disposici\u00f3n de la prensa y del Concejo Deliberante\u2014, sino que tambi\u00e9n apunt\u00f3 con dureza contra los concejales que impulsaron la denuncia. <strong><em>\u201cNo se produjo ninguna vulneraci\u00f3n a los principios rectores del procedimiento licitatorio\u201d<\/em><\/strong>, cita el intendente del dictamen de la Fiscal\u00eda de Estado.<strong><em> \u201cNo se observa cu\u00e1l es el inter\u00e9s jur\u00eddico que ostentan los denunciantes al cuestionar este procedimiento\u201d<\/em><\/strong>, agreg\u00f3, reforzando la idea de que el trasfondo fue estrictamente pol\u00edtico.<\/p>\n<p>Para el jefe comunal, el caso revela una peligrosa combinaci\u00f3n de irresponsabilidad, ignorancia administrativa y oportunismo. <strong><em>\u201cCon solo un 3% de bater\u00eda y un asesor rentado que edite un vide\u00edto, lograron generar un gasto enorme al Estado. Tuvieron que venir auditores 300 kil\u00f3metros para contar planta por planta. Todo por mentiras\u201d<\/em><\/strong>, dispar\u00f3 Molero.<\/p>\n<p>El mandatario destac\u00f3 que la denuncia, adem\u00e1s de carecer de fundamentos, tuvo un alto costo institucional. <strong><em>\u201cEl Tribunal de Cuentas y la Fiscal\u00eda de Estado, \u00f3rganos de control por excelencia, fueron movilizados innecesariamente por afirmaciones falsas. Eso se paga con recursos p\u00fablicos que deber\u00edan estar destinados a obras y servicios, no a desmentir campa\u00f1as de desprestigio\u201d.<\/em><\/strong><\/p>\n<p>Molero fue m\u00e1s all\u00e1 e inst\u00f3 a capacitarse si realmente quieren cumplir su rol de contralor. <strong><em>\u201cNo sirve un control ejercido por quien no sabe leer un expediente. No sirve que gasten el tiempo del Estado y el dinero de todos para armar una narrativa basada en la mentira. Nosotros necesitamos concejales que controlen con responsabilidad, no que da\u00f1en la institucionalidad\u201d.<\/em><\/strong><\/p>\n<p>Adem\u00e1s, el intendente dej\u00f3 en claro que los proyectos de embellecimiento y mejora urbana no solo continuar\u00e1n, sino que se fortalecer\u00e1n. <strong><em>\u201cEsta administraci\u00f3n no se va a detener por chicanas pol\u00edticas. Tenemos una ciudad que estamos transformando con fondos propios, con gesti\u00f3n eficiente y con un plan de desarrollo integral. Lo vieron todos, incluso el secretario de Turismo de la Naci\u00f3n, Daniel Scioli, que ya se llev\u00f3 proyectos clave como la costanera del r\u00edo, el parque central y los p\u00f3rticos de ingreso\u201d.<\/em><\/strong><\/p>\n<p>Molero remarc\u00f3 que el embellecimiento urbano no es un gasto fr\u00edvolo, sino parte de una estrategia de desarrollo territorial: <strong><em>\u201cqueremos una ciudad m\u00e1s ordenada, m\u00e1s limpia, m\u00e1s iluminada. Eso atrae inversiones, turismo, mejora la autoestima colectiva y genera empleo. Lo hacemos por y para los alvearenses\u201d.<\/em><\/strong><\/p>\n<p>En el cierre, destac\u00f3: <strong><em>\u201cno vamos a contraatacar con denuncias falsas ni buscar silenciar a nadie. Pero s\u00ed vamos a exigir responsabilidad. El prestigio o desprestigio de un funcionario se construye todos los d\u00edas. Nosotros vamos a seguir trabajando. Los concejales tienen una oportunidad: capacitarse, elevar el nivel del debate y controlar con seriedad. Porque nivelar para abajo le hace da\u00f1o a toda la comunidad\u201d.<\/em><\/strong><\/p>\n","protected":false},"excerpt":{"rendered":"<p>Fiscal\u00eda de Estado y Tribunal de Cuentas desestimaron las acusaciones y destacaron la legalidad de la licitaci\u00f3n y posterior obra realizada &#8230;<\/p>\n","protected":false},"author":7,"featured_media":148385,"comment_status":"open","ping_status":"open","sticky":false,"template":"","format":"standard","meta":{"footnotes":""},"categories":[10,78],"tags":[],"class_list":["post-148384","post","type-post","status-publish","format-standard","has-post-thumbnail","hentry","category-destacadas","category-municipalidad"],"_links":{"self":[{"href":"https:\/\/vinasfm.com\/noticias\/wp-json\/wp\/v2\/posts\/148384","targetHints":{"allow":["GET"]}}],"collection":[{"href":"https:\/\/vinasfm.com\/noticias\/wp-json\/wp\/v2\/posts"}],"about":[{"href":"https:\/\/vinasfm.com\/noticias\/wp-json\/wp\/v2\/types\/post"}],"author":[{"embeddable":true,"href":"https:\/\/vinasfm.com\/noticias\/wp-json\/wp\/v2\/users\/7"}],"replies":[{"embeddable":true,"href":"https:\/\/vinasfm.com\/noticias\/wp-json\/wp\/v2\/comments?post=148384"}],"version-history":[{"count":1,"href":"https:\/\/vinasfm.com\/noticias\/wp-json\/wp\/v2\/posts\/148384\/revisions"}],"predecessor-version":[{"id":148386,"href":"https:\/\/vinasfm.com\/noticias\/wp-json\/wp\/v2\/posts\/148384\/revisions\/148386"}],"wp:featuredmedia":[{"embeddable":true,"href":"https:\/\/vinasfm.com\/noticias\/wp-json\/wp\/v2\/media\/148385"}],"wp:attachment":[{"href":"https:\/\/vinasfm.com\/noticias\/wp-json\/wp\/v2\/media?parent=148384"}],"wp:term":[{"taxonomy":"category","embeddable":true,"href":"https:\/\/vinasfm.com\/noticias\/wp-json\/wp\/v2\/categories?post=148384"},{"taxonomy":"post_tag","embeddable":true,"href":"https:\/\/vinasfm.com\/noticias\/wp-json\/wp\/v2\/tags?post=148384"}],"curies":[{"name":"wp","href":"https:\/\/api.w.org\/{rel}","templated":true}]}}