{"id":148374,"date":"2025-05-15T12:01:09","date_gmt":"2025-05-15T15:01:09","guid":{"rendered":"https:\/\/vinasfm.com\/noticias\/?p=148374"},"modified":"2025-05-16T10:29:22","modified_gmt":"2025-05-16T13:29:22","slug":"fin-de-semana-con-propuestas-culturales-y-recreativas-alvear-baila-y-noche-de-los-museos","status":"publish","type":"post","link":"https:\/\/vinasfm.com\/noticias\/fin-de-semana-con-propuestas-culturales-y-recreativas-alvear-baila-y-noche-de-los-museos\/","title":{"rendered":"FIN DE SEMANA CON PROPUESTAS CULTURALES Y RECREATIVAS: ALVEAR BAILA Y NOCHE DE LOS MUSEOS"},"content":{"rendered":"<p class=\"\" data-start=\"223\" data-end=\"523\"><strong><span style=\"color: #003300;\">El pr\u00f3ximo fin de semana, General Alvear se prepara para vivir dos jornadas cargadas de actividad cultural y recreativa, organizadas por la Direcci\u00f3n de Deportes del municipio. Se trata del inicio del programa \u201cAlvear Baila\u201d y la participaci\u00f3n del Museo del Deporte en la Noche de los Museos.<\/span><\/strong><\/p>\n<p class=\"\" data-start=\"525\" data-end=\"644\">La profesora <span style=\"color: #003366;\"><strong data-start=\"538\" data-end=\"558\">Viviana Giacaria<\/strong><\/span>, referente de la Direcci\u00f3n de Deportes, adelant\u00f3 los detalles de ambas actividades:<strong><em> \u201cEl s\u00e1bado comenzamos con la primera fecha del programa Alvear Baila<\/em>, que se desarrollar\u00e1 en la Plaza Departamental desde las 14:30 horas. Es una propuesta que se replicar\u00e1 una vez por mes en los distintos distritos, con clases abiertas y participaci\u00f3n de las profesoras que forman parte del programa\u201d<\/strong>, explic\u00f3.<\/p>\n<p class=\"\" data-start=\"970\" data-end=\"1086\">La actividad incluye ritmos, aer\u00f3bica y distintas disciplinas vinculadas al baile, pensadas para todas las edades.<\/p>\n<p class=\"\" data-start=\"970\" data-end=\"1086\"><em><strong>\u201cInvitamos a la comunidad a sumarse con ropa c\u00f3moda, agua para hidratarse, y muchas ganas de pasarla bien. La idea es disfrutar y conocer lo que hacemos en el programa, aunque no se participe activamente de toda la clase\u201d<\/strong><\/em>, agreg\u00f3 la profesora <span style=\"color: #003366;\"><strong data-start=\"1332\" data-end=\"1355\">Florencia Montecino<\/strong><\/span>, quien coordina esta primera edici\u00f3n.<\/p>\n<p class=\"\" data-start=\"1395\" data-end=\"1584\">Adem\u00e1s, el <strong data-start=\"1406\" data-end=\"1428\">domingo 19 de mayo<\/strong>, el <strong data-start=\"1433\" data-end=\"1454\">Museo del Deporte<\/strong>, que funciona en el Polideportivo Municipal, participar\u00e1 de la tradicional <strong data-start=\"1530\" data-end=\"1553\">Noche de los Museos<\/strong>, con una propuesta especial: <em><strong>\u201cVamos a presentar una muestra de gimnasia inspirada en los a\u00f1os 70 y 80, como reconocimiento a nuestros primeros profesores, quienes sentaron las bases del deporte en Alvear\u201d<\/strong><\/em>, coment\u00f3 Giacaria.<\/p>\n<p data-start=\"1395\" data-end=\"1584\"><a href=\"https:\/\/vinasfm.com\/noticias\/wp-content\/uploads\/2025\/05\/Imagen-de-WhatsApp-2025-05-13-a-las-09.14.14_130c6ebb.jpg\"><img loading=\"lazy\" decoding=\"async\" class=\"wp-image-148376 size-large aligncenter\" src=\"https:\/\/vinasfm.com\/noticias\/wp-content\/uploads\/2025\/05\/Imagen-de-WhatsApp-2025-05-13-a-las-09.14.14_130c6ebb-576x1024.jpg\" alt=\"\" width=\"576\" height=\"1024\" srcset=\"https:\/\/vinasfm.com\/noticias\/wp-content\/uploads\/2025\/05\/Imagen-de-WhatsApp-2025-05-13-a-las-09.14.14_130c6ebb-576x1024.jpg 576w, https:\/\/vinasfm.com\/noticias\/wp-content\/uploads\/2025\/05\/Imagen-de-WhatsApp-2025-05-13-a-las-09.14.14_130c6ebb-169x300.jpg 169w, https:\/\/vinasfm.com\/noticias\/wp-content\/uploads\/2025\/05\/Imagen-de-WhatsApp-2025-05-13-a-las-09.14.14_130c6ebb-768x1365.jpg 768w, https:\/\/vinasfm.com\/noticias\/wp-content\/uploads\/2025\/05\/Imagen-de-WhatsApp-2025-05-13-a-las-09.14.14_130c6ebb-864x1536.jpg 864w, https:\/\/vinasfm.com\/noticias\/wp-content\/uploads\/2025\/05\/Imagen-de-WhatsApp-2025-05-13-a-las-09.14.14_130c6ebb.jpg 900w\" sizes=\"auto, (max-width: 576px) 100vw, 576px\" \/><\/a>El evento comenzar\u00e1 a las <strong data-start=\"1810\" data-end=\"1825\">18:00 horas<\/strong> y se extender\u00e1 hasta las <strong data-start=\"1851\" data-end=\"1860\">21:00<\/strong>, con la muestra prevista entre las <strong data-start=\"1896\" data-end=\"1919\">18:30 y 19:00 horas<\/strong>. Al finalizar, el p\u00fablico podr\u00e1 recorrer el Museo del Deporte y conocer su valioso patrimonio.<\/p>\n<p class=\"\" data-start=\"2016\" data-end=\"2279\">Con estas propuestas, la Direcci\u00f3n de Deportes busca <strong data-start=\"2069\" data-end=\"2139\">fomentar la actividad f\u00edsica, fortalecer los v\u00ednculos comunitarios<\/strong> y poner en valor la historia deportiva local. Dos jornadas ideales para disfrutar en familia, al aire libre y con entrada libre y gratuita.<\/p>\n","protected":false},"excerpt":{"rendered":"<p>El pr\u00f3ximo fin de semana, General Alvear se prepara para vivir dos jornadas cargadas de actividad cultural y recreativa, organizadas por &#8230;<\/p>\n","protected":false},"author":7,"featured_media":148377,"comment_status":"open","ping_status":"open","sticky":false,"template":"","format":"standard","meta":{"footnotes":""},"categories":[19,3],"tags":[],"class_list":["post-148374","post","type-post","status-publish","format-standard","has-post-thumbnail","hentry","category-cultura","category-deportes"],"_links":{"self":[{"href":"https:\/\/vinasfm.com\/noticias\/wp-json\/wp\/v2\/posts\/148374","targetHints":{"allow":["GET"]}}],"collection":[{"href":"https:\/\/vinasfm.com\/noticias\/wp-json\/wp\/v2\/posts"}],"about":[{"href":"https:\/\/vinasfm.com\/noticias\/wp-json\/wp\/v2\/types\/post"}],"author":[{"embeddable":true,"href":"https:\/\/vinasfm.com\/noticias\/wp-json\/wp\/v2\/users\/7"}],"replies":[{"embeddable":true,"href":"https:\/\/vinasfm.com\/noticias\/wp-json\/wp\/v2\/comments?post=148374"}],"version-history":[{"count":1,"href":"https:\/\/vinasfm.com\/noticias\/wp-json\/wp\/v2\/posts\/148374\/revisions"}],"predecessor-version":[{"id":148378,"href":"https:\/\/vinasfm.com\/noticias\/wp-json\/wp\/v2\/posts\/148374\/revisions\/148378"}],"wp:featuredmedia":[{"embeddable":true,"href":"https:\/\/vinasfm.com\/noticias\/wp-json\/wp\/v2\/media\/148377"}],"wp:attachment":[{"href":"https:\/\/vinasfm.com\/noticias\/wp-json\/wp\/v2\/media?parent=148374"}],"wp:term":[{"taxonomy":"category","embeddable":true,"href":"https:\/\/vinasfm.com\/noticias\/wp-json\/wp\/v2\/categories?post=148374"},{"taxonomy":"post_tag","embeddable":true,"href":"https:\/\/vinasfm.com\/noticias\/wp-json\/wp\/v2\/tags?post=148374"}],"curies":[{"name":"wp","href":"https:\/\/api.w.org\/{rel}","templated":true}]}}