{"id":148367,"date":"2025-05-15T11:32:18","date_gmt":"2025-05-15T14:32:18","guid":{"rendered":"https:\/\/vinasfm.com\/noticias\/?p=148367"},"modified":"2025-05-16T09:55:38","modified_gmt":"2025-05-16T12:55:38","slug":"mes-de-la-concientizacion-sobre-la-celiaquia-con-una-jornada-abierta-a-la-comunidad","status":"publish","type":"post","link":"https:\/\/vinasfm.com\/noticias\/mes-de-la-concientizacion-sobre-la-celiaquia-con-una-jornada-abierta-a-la-comunidad\/","title":{"rendered":"MES DE LA CONCIENTIZACI\u00d3N SOBRE LA CELIAQU\u00cdA CON UNA JORNADA ABIERTA A LA COMUNIDAD"},"content":{"rendered":"<h4 data-start=\"251\" data-end=\"696\"><strong><span style=\"color: #003300;\">En el marco del Mes de Concientizaci\u00f3n sobre la Celiaqu\u00eda, este jueves 16 de mayo se realizar\u00e1 la 1\u00b0 Jornada Abierta a la Comunidad <em>\u00abHablemos de Celiaqu\u00eda\u00bb<\/em>, una propuesta organizada por el \u00c1rea de Contingencia, la Direcci\u00f3n de Familias, el \u00c1rea Sanitaria y Bromatolog\u00eda del municipio. El encuentro tendr\u00e1 lugar en el Honorable Concejo Deliberante de General Alvear, de 15:00 a 18:00 horas, y estar\u00e1 abierto a todo el p\u00fablico, con entrada gratuita.<\/span><\/strong><\/h4>\n<p class=\"\" data-start=\"698\" data-end=\"1135\">La nutricionista <span style=\"color: #003366;\"><strong data-start=\"715\" data-end=\"736\">Virginia Del Pozo<\/strong><\/span>, una de las principales referentes del evento, explic\u00f3 que el objetivo es <strong data-start=\"811\" data-end=\"858\">informar y concientizar a toda la poblaci\u00f3n<\/strong> sobre esta patolog\u00eda, m\u00e1s all\u00e1 de quienes ya tienen diagn\u00f3stico.<em><strong> \u201cEst\u00e1 bueno que participen no solo los pacientes cel\u00edacos, sino tambi\u00e9n familiares, amigos y cualquier persona interesada, porque son quienes acompa\u00f1an el proceso de quienes conviven con la enfermedad\u201d<\/strong><\/em>, destac\u00f3.<\/p>\n<p class=\"\" data-start=\"1137\" data-end=\"1160\"><strong>El temario incluye:<\/strong><\/p>\n<ul data-start=\"1161\" data-end=\"1602\">\n<li class=\"\" data-start=\"1161\" data-end=\"1253\">\n<p class=\"\" data-start=\"1163\" data-end=\"1253\">Actualizaci\u00f3n sobre celiaqu\u00eda e intolerancias alimentarias, a cargo de la Dra. Zingaretti.<\/p>\n<\/li>\n<li class=\"\" data-start=\"1161\" data-end=\"1253\">\n<p class=\"\" data-start=\"1163\" data-end=\"1253\">Tratamiento nutricional, a cargo de la Lic. Virginia Del Pozo.<\/p>\n<\/li>\n<li class=\"\" data-start=\"1319\" data-end=\"1472\">\n<p class=\"\" data-start=\"1321\" data-end=\"1472\">Prevenci\u00f3n de la contaminaci\u00f3n cruzada en el hogar y en locales gastron\u00f3micos, con la participaci\u00f3n de Bromatolog\u00eda y Graciela G\u00e1lvez de Alvear Zimpac.<\/p>\n<\/li>\n<li class=\"\" data-start=\"1473\" data-end=\"1602\">\n<p class=\"\" data-start=\"1475\" data-end=\"1602\">Derechos y cobertura seg\u00fan la Ley de Celiaqu\u00eda, explicados por Jordina Valente, referente del Programa Provincial de Celiaqu\u00eda.<\/p>\n<\/li>\n<\/ul>\n<p class=\"\" data-start=\"1604\" data-end=\"2104\">Del Pozo se\u00f1al\u00f3 que cada vez son m\u00e1s<strong> las personas que consultan por diagn\u00f3sticos recientes o inter\u00e9s en dietas libres de gluten, lo que motiv\u00f3 la realizaci\u00f3n de esta jornada<\/strong>. Adem\u00e1s, se abordar\u00e1n temas sensibles como el alto costo de los alimentos sin TACC y las dificultades en el cumplimiento de la cobertura por parte de obras sociales. <em><strong>\u201cHay una ley nacional que obliga a cubrir un monto para personas con celiaqu\u00eda, pero muchas veces esto no se cumple o hay trabas seg\u00fan la obra social\u201d<\/strong><\/em>, explic\u00f3.<\/p>\n<p data-start=\"1604\" data-end=\"2104\"><img loading=\"lazy\" decoding=\"async\" class=\"aligncenter\" src=\"https:\/\/files.oaiusercontent.com\/file-4hweGBFhnn5DfsDesHh2jw?se=2025-05-15T14%3A30%3A47Z&amp;sp=r&amp;sv=2024-08-04&amp;sr=b&amp;rscc=max-age%3D299%2C%20immutable%2C%20private&amp;rscd=attachment%3B%20filename%3D506e45c9-53bb-48a1-8e17-752cb5882e68.jpg&amp;sig=7nq0WPFwiHTVNim7q8umFycDJ5lSrrDe5f%2BeCaB8s0I%3D\" alt=\"Imagen cargada\" width=\"489\" height=\"489\" \/><\/p>\n<p class=\"\" data-start=\"2106\" data-end=\"2304\">Tambi\u00e9n se brindar\u00e1 informaci\u00f3n sobre los <strong data-start=\"2148\" data-end=\"2209\">beneficios disponibles para personas sin cobertura m\u00e9dica<\/strong>, como pensiones y los bolsones alimentarios que entrega el municipio y el gobierno provincial.<\/p>\n<p class=\"\" data-start=\"2306\" data-end=\"2504\">La jornada no requiere inscripci\u00f3n previa. <em><strong>\u201cLos esperamos de 15:00 a 18:00 horas, con la idea de que todos podamos informarnos y acompa\u00f1ar mejor a quienes conviven con esta enfermedad\u201d<\/strong><\/em>, finaliz\u00f3 Del Pozo.<\/p>\n","protected":false},"excerpt":{"rendered":"<p>En el marco del Mes de Concientizaci\u00f3n sobre la Celiaqu\u00eda, este jueves 16 de mayo se realizar\u00e1 la 1\u00b0 Jornada Abierta &#8230;<\/p>\n","protected":false},"author":7,"featured_media":148368,"comment_status":"open","ping_status":"open","sticky":false,"template":"","format":"standard","meta":{"footnotes":""},"categories":[15,11],"tags":[],"class_list":["post-148367","post","type-post","status-publish","format-standard","has-post-thumbnail","hentry","category-salud","category-sociales"],"_links":{"self":[{"href":"https:\/\/vinasfm.com\/noticias\/wp-json\/wp\/v2\/posts\/148367","targetHints":{"allow":["GET"]}}],"collection":[{"href":"https:\/\/vinasfm.com\/noticias\/wp-json\/wp\/v2\/posts"}],"about":[{"href":"https:\/\/vinasfm.com\/noticias\/wp-json\/wp\/v2\/types\/post"}],"author":[{"embeddable":true,"href":"https:\/\/vinasfm.com\/noticias\/wp-json\/wp\/v2\/users\/7"}],"replies":[{"embeddable":true,"href":"https:\/\/vinasfm.com\/noticias\/wp-json\/wp\/v2\/comments?post=148367"}],"version-history":[{"count":1,"href":"https:\/\/vinasfm.com\/noticias\/wp-json\/wp\/v2\/posts\/148367\/revisions"}],"predecessor-version":[{"id":148369,"href":"https:\/\/vinasfm.com\/noticias\/wp-json\/wp\/v2\/posts\/148367\/revisions\/148369"}],"wp:featuredmedia":[{"embeddable":true,"href":"https:\/\/vinasfm.com\/noticias\/wp-json\/wp\/v2\/media\/148368"}],"wp:attachment":[{"href":"https:\/\/vinasfm.com\/noticias\/wp-json\/wp\/v2\/media?parent=148367"}],"wp:term":[{"taxonomy":"category","embeddable":true,"href":"https:\/\/vinasfm.com\/noticias\/wp-json\/wp\/v2\/categories?post=148367"},{"taxonomy":"post_tag","embeddable":true,"href":"https:\/\/vinasfm.com\/noticias\/wp-json\/wp\/v2\/tags?post=148367"}],"curies":[{"name":"wp","href":"https:\/\/api.w.org\/{rel}","templated":true}]}}