{"id":148339,"date":"2025-05-15T09:48:57","date_gmt":"2025-05-15T12:48:57","guid":{"rendered":"https:\/\/vinasfm.com\/noticias\/?p=148339"},"modified":"2025-05-15T12:15:49","modified_gmt":"2025-05-15T15:15:49","slug":"encuentros-con-la-vida-jornadas-para-prevenir-el-suicidio-en-el-ambito-escolar-y-social","status":"publish","type":"post","link":"https:\/\/vinasfm.com\/noticias\/encuentros-con-la-vida-jornadas-para-prevenir-el-suicidio-en-el-ambito-escolar-y-social\/","title":{"rendered":"\u00abENCUENTROS CON LA VIDA\u00bb: JORNADAS PARA PREVENIR EL SUICIDIO EN EL \u00c1MBITO ESCOLAR Y SOCIAL"},"content":{"rendered":"<h4 data-start=\"287\" data-end=\"502\"><span style=\"color: #003300;\"><strong data-start=\"287\" data-end=\"502\">Hospital Enfermeros Argentinos lanza una serie de jornadas de prevenci\u00f3n y abordaje de la conducta suicida, con participaci\u00f3n de instituciones educativas, organizaciones sociales y especialistas en salud mental.<\/strong><\/span><\/h4>\n<p class=\"\" data-start=\"504\" data-end=\"851\">Con el objetivo de visibilizar, prevenir y abordar la problem\u00e1tica del suicidio desde una perspectiva integral y comunitaria, el Hospital Enfermeros Argentinos llevar\u00e1 adelante las jornadas \u201c<strong data-start=\"695\" data-end=\"721\">Encuentros con la Vida<\/strong>\u201d, los d\u00edas <strong data-start=\"733\" data-end=\"760\">viernes 16 y 23 de mayo<\/strong>, tanto por la ma\u00f1ana en el \u00e1mbito educativo como por la tarde con organizaciones sociales.<\/p>\n<p class=\"\" data-start=\"853\" data-end=\"1256\">El <span style=\"color: #003366;\"><strong data-start=\"856\" data-end=\"880\">Dr. Alejandro Torres<\/strong><\/span>, director del hospital, expres\u00f3 la importancia de tratar esta tem\u00e1tica que, aunque dolorosa y compleja, no puede ser ignorada. <em><strong>\u201cNo se trata solo de una actividad interesante, sino de una responsabilidad social. El suicidio no es un acto aislado: es un proceso, y el desaf\u00edo es aprender a detectar los momentos en los que se puede intervenir para evitar una tragedia\u201d<\/strong><\/em>, afirm\u00f3.<\/p>\n<p class=\"\" data-start=\"1258\" data-end=\"1609\">En este sentido, Torres subray\u00f3 que <strong data-start=\"1294\" data-end=\"1356\">todas las instituciones de la comunidad deben involucrarse<\/strong>: educaci\u00f3n, salud, seguridad, organizaciones no gubernamentales y la sociedad en su conjunto. <strong><em>\u201cSi aprendemos a reconocer las se\u00f1ales de alerta, podemos sacar a una persona del silencio y la soledad que atraviesa, y eso realmente salva vidas<\/em><\/strong>\u201d, concluy\u00f3.<\/p>\n<p data-start=\"1258\" data-end=\"1609\"><a href=\"https:\/\/vinasfm.com\/noticias\/wp-content\/uploads\/2025\/05\/Imagen-de-WhatsApp-2025-05-14-a-las-16.59.54_d8537c45.jpg\"><img loading=\"lazy\" decoding=\"async\" class=\"wp-image-148341 aligncenter\" src=\"https:\/\/vinasfm.com\/noticias\/wp-content\/uploads\/2025\/05\/Imagen-de-WhatsApp-2025-05-14-a-las-16.59.54_d8537c45-819x1024.jpg\" alt=\"\" width=\"600\" height=\"750\" srcset=\"https:\/\/vinasfm.com\/noticias\/wp-content\/uploads\/2025\/05\/Imagen-de-WhatsApp-2025-05-14-a-las-16.59.54_d8537c45-819x1024.jpg 819w, https:\/\/vinasfm.com\/noticias\/wp-content\/uploads\/2025\/05\/Imagen-de-WhatsApp-2025-05-14-a-las-16.59.54_d8537c45-240x300.jpg 240w, https:\/\/vinasfm.com\/noticias\/wp-content\/uploads\/2025\/05\/Imagen-de-WhatsApp-2025-05-14-a-las-16.59.54_d8537c45-768x960.jpg 768w, https:\/\/vinasfm.com\/noticias\/wp-content\/uploads\/2025\/05\/Imagen-de-WhatsApp-2025-05-14-a-las-16.59.54_d8537c45.jpg 1024w\" sizes=\"auto, (max-width: 600px) 100vw, 600px\" \/><\/a><\/p>\n<p class=\"\" data-start=\"1611\" data-end=\"2158\">Por su parte, <span style=\"color: #003366;\"><strong data-start=\"1625\" data-end=\"1638\">Abel Pino<\/strong><\/span>, uno de los organizadores de las jornadas, detall\u00f3 que los encuentros contar\u00e1n con la presencia de profesionales de la Direcci\u00f3n de Salud Mental de Mendoza, entre ellos la <span style=\"color: #003366;\"><strong>Lic. Claudia Motta Wernicke<\/strong><\/span>, y estar\u00e1n enfocados especialmente en el abordaje de la conducta suicida y autolesiva en escuelas. <em><strong>\u201cEl hospital ha salido al encuentro de los j\u00f3venes y est\u00e1 trabajando con grupos de adolescentes, adultos y padres. Esta es una problem\u00e1tica compleja, y necesitamos abordarla desde una mirada social y sist\u00e9mica\u201d<\/strong><\/em>, explic\u00f3.<\/p>\n<p class=\"\" data-start=\"2160\" data-end=\"2502\">Las jornadas de la ma\u00f1ana, que comenzar\u00e1n a las 09:00 horas en el <em>Cine Teatro Anotnio Lafall<\/em>a, estar\u00e1n dirigidas a <strong data-start=\"2206\" data-end=\"2250\">docentes y personal del \u00e1mbito educativo<\/strong>, quienes contar\u00e1n con <strong data-start=\"2273\" data-end=\"2300\">liberaci\u00f3n de funciones<\/strong> para poder asistir. Adem\u00e1s, por la tarde se realizar\u00e1n actividades abiertas a <strong data-start=\"2379\" data-end=\"2477\">organizaciones sociales, comedores, iglesias y agrupaciones que trabajen con j\u00f3venes o adultos<\/strong>, a las 16:00 horas en la <em>Casa Salonia<\/em>.<\/p>\n<p class=\"\" data-start=\"2504\" data-end=\"2871\">Pino destac\u00f3 tambi\u00e9n la importancia de mostrar que \u201c<strong data-start=\"2556\" data-end=\"2606\">existen tratamientos y acompa\u00f1amiento posibles<\/strong>\u201d, y que el trabajo articulado puede generar esperanza tanto a nivel individual como colectivo. <em><strong>\u201cMuchas veces sabemos que hay un problema, pero no sabemos que hay una soluci\u00f3n. Estas jornadas vienen a mostrar justamente eso: que se puede actuar y prevenir\u201d<\/strong><\/em>, se\u00f1al\u00f3.<\/p>\n<p class=\"\" data-start=\"2873\" data-end=\"3125\">Finalmente, se remarc\u00f3 que <strong data-start=\"2900\" data-end=\"2961\">las estad\u00edsticas oficiales sobre suicidio en la provincia<\/strong> est\u00e1n siendo trabajadas en conjunto con la Direcci\u00f3n de Salud Mental de Mendoza, lo que permitir\u00e1 tener un diagn\u00f3stico m\u00e1s claro y espec\u00edfico en el futuro pr\u00f3ximo.<\/p>\n<p data-start=\"2873\" data-end=\"3125\"><a href=\"https:\/\/vinasfm.com\/noticias\/wp-content\/uploads\/2025\/05\/Imagen-de-WhatsApp-2025-05-14-a-las-16.59.54_1912a9ba.jpg\"><img loading=\"lazy\" decoding=\"async\" class=\"wp-image-148340 aligncenter\" src=\"https:\/\/vinasfm.com\/noticias\/wp-content\/uploads\/2025\/05\/Imagen-de-WhatsApp-2025-05-14-a-las-16.59.54_1912a9ba.jpg\" alt=\"\" width=\"600\" height=\"750\" \/><\/a><\/p>\n","protected":false},"excerpt":{"rendered":"<p>Hospital Enfermeros Argentinos lanza una serie de jornadas de prevenci\u00f3n y abordaje de la conducta suicida, con participaci\u00f3n de instituciones educativas, &#8230;<\/p>\n","protected":false},"author":7,"featured_media":148340,"comment_status":"open","ping_status":"open","sticky":false,"template":"","format":"standard","meta":{"footnotes":""},"categories":[15,11],"tags":[],"class_list":["post-148339","post","type-post","status-publish","format-standard","has-post-thumbnail","hentry","category-salud","category-sociales"],"_links":{"self":[{"href":"https:\/\/vinasfm.com\/noticias\/wp-json\/wp\/v2\/posts\/148339","targetHints":{"allow":["GET"]}}],"collection":[{"href":"https:\/\/vinasfm.com\/noticias\/wp-json\/wp\/v2\/posts"}],"about":[{"href":"https:\/\/vinasfm.com\/noticias\/wp-json\/wp\/v2\/types\/post"}],"author":[{"embeddable":true,"href":"https:\/\/vinasfm.com\/noticias\/wp-json\/wp\/v2\/users\/7"}],"replies":[{"embeddable":true,"href":"https:\/\/vinasfm.com\/noticias\/wp-json\/wp\/v2\/comments?post=148339"}],"version-history":[{"count":1,"href":"https:\/\/vinasfm.com\/noticias\/wp-json\/wp\/v2\/posts\/148339\/revisions"}],"predecessor-version":[{"id":148342,"href":"https:\/\/vinasfm.com\/noticias\/wp-json\/wp\/v2\/posts\/148339\/revisions\/148342"}],"wp:featuredmedia":[{"embeddable":true,"href":"https:\/\/vinasfm.com\/noticias\/wp-json\/wp\/v2\/media\/148340"}],"wp:attachment":[{"href":"https:\/\/vinasfm.com\/noticias\/wp-json\/wp\/v2\/media?parent=148339"}],"wp:term":[{"taxonomy":"category","embeddable":true,"href":"https:\/\/vinasfm.com\/noticias\/wp-json\/wp\/v2\/categories?post=148339"},{"taxonomy":"post_tag","embeddable":true,"href":"https:\/\/vinasfm.com\/noticias\/wp-json\/wp\/v2\/tags?post=148339"}],"curies":[{"name":"wp","href":"https:\/\/api.w.org\/{rel}","templated":true}]}}