{"id":148327,"date":"2025-05-15T08:37:59","date_gmt":"2025-05-15T11:37:59","guid":{"rendered":"https:\/\/vinasfm.com\/noticias\/?p=148327"},"modified":"2025-05-15T10:23:22","modified_gmt":"2025-05-15T13:23:22","slug":"el-iusp-convoca-nuevamente-a-jovenes-con-formacion-militar-que-deseen-sumarse-a-la-policia","status":"publish","type":"post","link":"https:\/\/vinasfm.com\/noticias\/el-iusp-convoca-nuevamente-a-jovenes-con-formacion-militar-que-deseen-sumarse-a-la-policia\/","title":{"rendered":"EL IUSP CONVOCA NUEVAMENTE A J\u00d3VENES CON FORMACI\u00d3N MILITAR QUE DESEEN SUMARSE A LA POLIC\u00cdA"},"content":{"rendered":"<h4><strong><span style=\"color: #003300;\">El llamado est\u00e1 destinado a postulantes de 18 a 29 a\u00f1os con experiencia en las fuerzas armadas o de seguridad. Hay tiempo hasta el 31 de mayo para inscribirse.<\/span><\/strong><\/h4>\n<p>El <strong>Instituto Universitario de Seguridad P\u00fablica<\/strong><em> (IUSP)<\/em> abri\u00f3 una nueva convocatoria para j\u00f3venes con instrucci\u00f3n militar voluntaria o formaci\u00f3n t\u00e9cnica y t\u00e1ctica adquirida en fuerzas armadas o de seguridad, ya sean provinciales o nacionales. El objetivo es <strong>formar nuevos auxiliares para la Polic\u00eda de Mendoza y fortalecer el sistema de seguridad con personal capacitado.<\/strong><\/p>\n<p>La inscripci\u00f3n estar\u00e1 habilitada hasta el 31 de mayo y ser\u00e1 exclusivamente para la sede central del IUSP. Las personas interesadoa deben tener entre 18 y 29 a\u00f1os y acreditar formaci\u00f3n previa. <strong>El proceso de ingreso consta de cuatro etapas eliminatorias y requiere la presentaci\u00f3n de documentaci\u00f3n personal y m\u00e9dica.<\/strong><\/p>\n<p>El curso b\u00e1sico de formaci\u00f3n policial apunta a desarrollar conocimientos te\u00f3ricos, habilidades pr\u00e1cticas y actitudes esenciales para el ejercicio profesional.<strong> Durante el cursado, los cadetes reciben una beca mensual de 200.000 pesos destinada a cubrir gastos de transporte y alimentaci\u00f3n.<\/strong> Adem\u00e1s, el IUSP se hace cargo del <strong>equipamiento necesario para el r\u00e9gimen de internado, en una inversi\u00f3n directa del Gobierno de Mendoza.<\/strong><\/p>\n<p>La iniciativa busca consolidar la profesionalizaci\u00f3n y la permanencia de personal con experiencia previa dentro del sistema de seguridad provincial. Para m\u00e1s informaci\u00f3n, requisitos y acceso a la preinscripci\u00f3n, se puede ingresar al sitio oficial del Instituto:\u00a0<a href=\"http:\/\/iusp.uncuyo.edu.ar\/\">iusp.uncuyo.edu.ar<\/a>.<\/p>\n","protected":false},"excerpt":{"rendered":"<p>El llamado est\u00e1 destinado a postulantes de 18 a 29 a\u00f1os con experiencia en las fuerzas armadas o de seguridad. Hay &#8230;<\/p>\n","protected":false},"author":7,"featured_media":148328,"comment_status":"open","ping_status":"open","sticky":false,"template":"","format":"standard","meta":{"footnotes":""},"categories":[5,218],"tags":[],"class_list":["post-148327","post","type-post","status-publish","format-standard","has-post-thumbnail","hentry","category-actualidad","category-iusp"],"_links":{"self":[{"href":"https:\/\/vinasfm.com\/noticias\/wp-json\/wp\/v2\/posts\/148327","targetHints":{"allow":["GET"]}}],"collection":[{"href":"https:\/\/vinasfm.com\/noticias\/wp-json\/wp\/v2\/posts"}],"about":[{"href":"https:\/\/vinasfm.com\/noticias\/wp-json\/wp\/v2\/types\/post"}],"author":[{"embeddable":true,"href":"https:\/\/vinasfm.com\/noticias\/wp-json\/wp\/v2\/users\/7"}],"replies":[{"embeddable":true,"href":"https:\/\/vinasfm.com\/noticias\/wp-json\/wp\/v2\/comments?post=148327"}],"version-history":[{"count":1,"href":"https:\/\/vinasfm.com\/noticias\/wp-json\/wp\/v2\/posts\/148327\/revisions"}],"predecessor-version":[{"id":148329,"href":"https:\/\/vinasfm.com\/noticias\/wp-json\/wp\/v2\/posts\/148327\/revisions\/148329"}],"wp:featuredmedia":[{"embeddable":true,"href":"https:\/\/vinasfm.com\/noticias\/wp-json\/wp\/v2\/media\/148328"}],"wp:attachment":[{"href":"https:\/\/vinasfm.com\/noticias\/wp-json\/wp\/v2\/media?parent=148327"}],"wp:term":[{"taxonomy":"category","embeddable":true,"href":"https:\/\/vinasfm.com\/noticias\/wp-json\/wp\/v2\/categories?post=148327"},{"taxonomy":"post_tag","embeddable":true,"href":"https:\/\/vinasfm.com\/noticias\/wp-json\/wp\/v2\/tags?post=148327"}],"curies":[{"name":"wp","href":"https:\/\/api.w.org\/{rel}","templated":true}]}}