{"id":148279,"date":"2025-05-14T08:55:08","date_gmt":"2025-05-14T11:55:08","guid":{"rendered":"https:\/\/vinasfm.com\/noticias\/?p=148279"},"modified":"2025-05-15T08:28:58","modified_gmt":"2025-05-15T11:28:58","slug":"lamentable-la-dura-critica-de-la-concejal-melzi-a-la-prision-domiciliaria-otorgada-al-imputado-por-la-muerte-de-francisco-cruz","status":"publish","type":"post","link":"https:\/\/vinasfm.com\/noticias\/lamentable-la-dura-critica-de-la-concejal-melzi-a-la-prision-domiciliaria-otorgada-al-imputado-por-la-muerte-de-francisco-cruz\/","title":{"rendered":"\u00abLAMENTABLE\u00bb: LA DURA CR\u00cdTICA DE LA CONCEJAL MELZI A LA PRISI\u00d3N DOMICILIARIA OTORGADA AL IMPUTADO POR LA MUERTE DE FRANCISCO CRUZ"},"content":{"rendered":"<p class=\"\" data-start=\"110\" data-end=\"184\"><strong><span class=\"relative -mx-px my-[-0.2rem] rounded px-px py-[0.2rem] transition-colors duration-100 ease-in-out\" style=\"color: #003300;\">La reciente decisi\u00f3n judicial de conceder prisi\u00f3n domiciliaria a Francisco Agust\u00edn Mart\u00ednez Lucero, imputado por la muerte de Francisco Cruz y por causar lesiones grav\u00edsimas a Y\u00e9sica Gatica, ha generado una profunda conmoci\u00f3n en la comunidad de General Alvear.<\/span><\/strong><\/p>\n<p class=\"\" data-start=\"110\" data-end=\"184\"><span class=\"relative -mx-px my-[-0.2rem] rounded px-px py-[0.2rem] transition-colors duration-100 ease-in-out\">El siniestro ocurri\u00f3 el pasado 13 de abril en la Ruta 188, cuando <span style=\"color: #003366;\"><strong>Mart\u00ednez Lucero<\/strong><\/span>, oriundo de Catriel, regresaba de un boliche en Bowen conduciendo un Ford Fiesta ajeno.<\/span> <span class=\"relative -mx-px my-[-0.2rem] rounded px-px py-[0.2rem] transition-colors duration-100 ease-in-out\">Tras negarse inicialmente a realizar el test de alcoholemia,<strong> un dosaje de sangre ordenado por el fiscal en turno revel\u00f3 que ten\u00eda m\u00e1s de 2 gramos de alcohol por litro de sangre<\/strong><\/span><strong>.<\/strong><\/p>\n<p class=\"\" data-start=\"304\" data-end=\"464\"><span class=\"relative -mx-px my-[-0.2rem] rounded px-px py-[0.2rem] transition-colors duration-100 ease-in-out\">Durante la audiencia de prisi\u00f3n preventiva, <strong>la Fiscal\u00eda y la querella solicitaron que Mart\u00ednez Lucero cumpliera la detenci\u00f3n en el Penal de San Rafael.<\/strong><\/span> <span class=\"relative -mx-px my-[-0.2rem] rounded px-px py-[0.2rem] transition-colors duration-100 ease-in-out\">Sin embargo,<span style=\"color: #003366;\"><strong> el juez Luis Ojeda Mart\u00ednez<\/strong><\/span> concedi\u00f3 la prisi\u00f3n domiciliaria, argumentando que el acusado no posee antecedentes penales.<\/span> <span class=\"relative -mx-px my-[-0.2rem] rounded px-px py-[0.2rem] transition-colors duration-100 ease-in-out\">El imputado deber\u00e1 fijar domicilio en Alvear y ser\u00e1 juzgado por un jurado popular, enfrentando una posible pena de ocho a\u00f1os o m\u00e1s de prisi\u00f3n efectiva.<\/span><\/p>\n<p class=\"\" data-start=\"466\" data-end=\"544\"><span class=\"relative -mx-px my-[-0.2rem] rounded px-px py-[0.2rem] transition-colors duration-100 ease-in-out\">La concejal <strong><span style=\"color: #003366;\">Silvina Melzi<\/span><\/strong> expres\u00f3 su disconformidad en di\u00e1logo con<strong><span style=\"color: #800080;\"> FM VI\u00d1AS<\/span><\/strong>: <\/span><strong><em>\u201cEsta es una decisi\u00f3n que la Justicia puede tomar, est\u00e1 dentro de sus facultades y de la estrategia de los abogados, lo entiendo\u201d<\/em><\/strong>, explic\u00f3 y agreg\u00f3 <strong><em>\u201cpero como ciudadana y como madre, me afecta profundamente. He acompa\u00f1ado desde el silencio y el anonimato cada una de las marchas que se organizaron, y la verdad es que es muy lamentable que hoy sigamos viendo hechos como este\u201d.<\/em><\/strong><\/p>\n<p class=\"\" data-start=\"628\" data-end=\"706\"><span class=\"relative -mx-px my-[-0.2rem] rounded px-px py-[0.2rem] transition-colors duration-100 ease-in-out\">Melzi tambi\u00e9n se refiri\u00f3 a un episodio que tuvo como protagonista al concejal de Guaymall\u00e9n Miqueas Burgo, quien fue sorprendido conduciendo bajo los efectos del alcohol en General Alvear. <\/span><strong><em>\u201cEs muy grave que un representante de la ciudadan\u00eda, que debe dar el ejemplo, se vea involucrado en este tipo de situaciones. Y m\u00e1s a\u00fan, que se utilicen las chapas de concejales para intentar evadir la ley\u00bb<\/em><\/strong>, manifest\u00f3 la edil y apunt\u00f3 a <strong><em>\u201cla ley tiene que ser pareja para todos\u201d.<\/em><\/strong><\/p>\n<p class=\"\" data-start=\"790\" data-end=\"868\"><span class=\"relative -mx-px my-[-0.2rem] rounded px-px py-[0.2rem] transition-colors duration-100 ease-in-out\">En ese sentido, la concejal destac\u00f3 el accionar de los efectivos policiales involucrados en el operativo: <\/span><strong><em>\u201clos agentes actuaron con profesionalismo y no se dejaron amedrentar por llamados pol\u00edticos. S\u00e9 que los hubo, y aun as\u00ed cumplieron con su deber\u201d.<\/em><\/strong><\/p>\n<p class=\"\" data-start=\"952\" data-end=\"1030\"><span class=\"relative -mx-px my-[-0.2rem] rounded px-px py-[0.2rem] transition-colors duration-100 ease-in-out\">La comunidad de General Alvear contin\u00faa exigiendo justicia y medidas concretas para prevenir futuros siniestros viales, especialmente aquellos relacionados con la conducci\u00f3n bajo los efectos del alcohol.<\/span><\/p>\n","protected":false},"excerpt":{"rendered":"<p>La reciente decisi\u00f3n judicial de conceder prisi\u00f3n domiciliaria a Francisco Agust\u00edn Mart\u00ednez Lucero, imputado por la muerte de Francisco Cruz y &#8230;<\/p>\n","protected":false},"author":7,"featured_media":148280,"comment_status":"open","ping_status":"open","sticky":false,"template":"","format":"standard","meta":{"footnotes":""},"categories":[56,11],"tags":[],"class_list":["post-148279","post","type-post","status-publish","format-standard","has-post-thumbnail","hentry","category-seguridad-vial","category-sociales"],"_links":{"self":[{"href":"https:\/\/vinasfm.com\/noticias\/wp-json\/wp\/v2\/posts\/148279","targetHints":{"allow":["GET"]}}],"collection":[{"href":"https:\/\/vinasfm.com\/noticias\/wp-json\/wp\/v2\/posts"}],"about":[{"href":"https:\/\/vinasfm.com\/noticias\/wp-json\/wp\/v2\/types\/post"}],"author":[{"embeddable":true,"href":"https:\/\/vinasfm.com\/noticias\/wp-json\/wp\/v2\/users\/7"}],"replies":[{"embeddable":true,"href":"https:\/\/vinasfm.com\/noticias\/wp-json\/wp\/v2\/comments?post=148279"}],"version-history":[{"count":1,"href":"https:\/\/vinasfm.com\/noticias\/wp-json\/wp\/v2\/posts\/148279\/revisions"}],"predecessor-version":[{"id":148281,"href":"https:\/\/vinasfm.com\/noticias\/wp-json\/wp\/v2\/posts\/148279\/revisions\/148281"}],"wp:featuredmedia":[{"embeddable":true,"href":"https:\/\/vinasfm.com\/noticias\/wp-json\/wp\/v2\/media\/148280"}],"wp:attachment":[{"href":"https:\/\/vinasfm.com\/noticias\/wp-json\/wp\/v2\/media?parent=148279"}],"wp:term":[{"taxonomy":"category","embeddable":true,"href":"https:\/\/vinasfm.com\/noticias\/wp-json\/wp\/v2\/categories?post=148279"},{"taxonomy":"post_tag","embeddable":true,"href":"https:\/\/vinasfm.com\/noticias\/wp-json\/wp\/v2\/tags?post=148279"}],"curies":[{"name":"wp","href":"https:\/\/api.w.org\/{rel}","templated":true}]}}