{"id":148276,"date":"2025-05-14T08:33:05","date_gmt":"2025-05-14T11:33:05","guid":{"rendered":"https:\/\/vinasfm.com\/noticias\/?p=148276"},"modified":"2025-05-15T08:40:26","modified_gmt":"2025-05-15T11:40:26","slug":"mendoza-presente-en-la-expo-delicatessen-vinos-2025","status":"publish","type":"post","link":"https:\/\/vinasfm.com\/noticias\/mendoza-presente-en-la-expo-delicatessen-vinos-2025\/","title":{"rendered":"MENDOZA, PRESENTE EN LA EXPO DELICATESSEN &#038; VINOS 2025"},"content":{"rendered":"<h4><span style=\"color: #003300;\"><strong>Con el objetivo de seguir promocion\u00e1ndose en mercados nacionales e internacionales, nuestra provincia form\u00f3 parte de la 18\u00aa edici\u00f3n de la Expo Delicatessen &amp; Vinos, el evento gastron\u00f3mico m\u00e1s importante de la regi\u00f3n, que tuvo lugar del 8 al 11 de mayo en el Complejo Ferial C\u00f3rdoba.<\/strong><\/span><\/h4>\n<p>La participaci\u00f3n de la provincia fue impulsada por el trabajo conjunto del <strong>Ente Mendoza Turismo<\/strong> <em>(Emetur)<\/em> con la <strong>Direcci\u00f3n de Econom\u00eda Social<\/strong>, generando un espacio donde miles de visitantes pudieron disfrutar de una amplia variedad de sabores locales y propuestas tur\u00edsticas.<\/p>\n<p>Por el Emetur se sum\u00f3 el <em>director de Turismo de zona Sur<\/em>, <span style=\"color: #003366;\"><strong>Carlos Weiner<\/strong><\/span>, quien particip\u00f3 en <strong>numerosas reuniones estrat\u00e9gicas orientadas a proyectar nuevas acciones conjuntas entre actores p\u00fablicos y privados.<\/strong> El objetivo de esta acci\u00f3n fue seguir posicionando a Mendoza como destino enogastron\u00f3mico y fortalecer v\u00ednculos comerciales en estos espacios de promoci\u00f3n.<\/p>\n<p><span style=\"color: #003366;\"><strong>Cristina Mengarelli<\/strong><\/span>, <em>directora de Promoci\u00f3n Tur\u00edstica e Inteligencia de Mercado<\/em>, remarc\u00f3 el trabajo que viene realizando la Provincia para atraer a nuevos turistas en diversos mercados nacionales e internacionales. <em><strong>\u201cLa tarea conjunta del sector p\u00fablico y el privado nos permite estar presentes en este tipo de eventos, que sirven para mostrar las bondades de Mendoza, como son la naturaleza, la enogastronom\u00eda y la calidez de nuestra gente\u201d<\/strong><\/em>, se\u00f1al\u00f3.<\/p>\n<p><em><strong>\u201cLa Expo Delicatessen &amp; Vinos es una oportunidad \u00fanica para mostrar la calidad de nuestros productos y el talento de nuestros emprendedores. Desde el Ente Mendoza Turismo apostamos a seguir acompa\u00f1ando estas iniciativas con una mirada federal y articulada\u201d<\/strong><\/em>, agreg\u00f3 Carlos Weiner.<\/p>\n<p>El\u00a0<em>stand\u00a0<\/em>de Mendoza recibi\u00f3 a miles de visitantes, quienes no solo degustaron productos t\u00edpicos sino que tambi\u00e9n participaron en juegos, actividades interactivas y conocieron la diversidad del territorio provincial.<\/p>\n<h2>Entre los representantes de Mendoza estuvieron:<\/h2>\n<ul>\n<li>Direcci\u00f3n de Econom\u00eda Social de Mendoza<\/li>\n<li>Torrecitos<\/li>\n<li>El Vistaflorino<\/li>\n<li>Zampal (aceite de oliva)<\/li>\n<li>Las Juanas (alfajores)<\/li>\n<li>Bodega Hinojosa<\/li>\n<li>Municipalidad de Luj\u00e1n de Cuyo<\/li>\n<li>Famiglia Banno Wines<\/li>\n<li>Dulce Amor (Alfajores y chocolates)<\/li>\n<li>A Puro Chili<\/li>\n<li>T\u00eda Clara (dulces artesanales)<\/li>\n<li>Municipalidad de Guaymall\u00e9n<\/li>\n<\/ul>\n<p>Este tipo de acciones refuerzan el posicionamiento de Mendoza como referente nacional en la producci\u00f3n de alimentos y vinos de alta calidad, adem\u00e1s de consolidar al turismo como eje estrat\u00e9gico de desarrollo para la provincia.<\/p>\n","protected":false},"excerpt":{"rendered":"<p>Con el objetivo de seguir promocion\u00e1ndose en mercados nacionales e internacionales, nuestra provincia form\u00f3 parte de la 18\u00aa edici\u00f3n de la &#8230;<\/p>\n","protected":false},"author":7,"featured_media":148277,"comment_status":"open","ping_status":"open","sticky":false,"template":"","format":"standard","meta":{"footnotes":""},"categories":[10,21],"tags":[],"class_list":["post-148276","post","type-post","status-publish","format-standard","has-post-thumbnail","hentry","category-destacadas","category-turismo-2"],"_links":{"self":[{"href":"https:\/\/vinasfm.com\/noticias\/wp-json\/wp\/v2\/posts\/148276","targetHints":{"allow":["GET"]}}],"collection":[{"href":"https:\/\/vinasfm.com\/noticias\/wp-json\/wp\/v2\/posts"}],"about":[{"href":"https:\/\/vinasfm.com\/noticias\/wp-json\/wp\/v2\/types\/post"}],"author":[{"embeddable":true,"href":"https:\/\/vinasfm.com\/noticias\/wp-json\/wp\/v2\/users\/7"}],"replies":[{"embeddable":true,"href":"https:\/\/vinasfm.com\/noticias\/wp-json\/wp\/v2\/comments?post=148276"}],"version-history":[{"count":1,"href":"https:\/\/vinasfm.com\/noticias\/wp-json\/wp\/v2\/posts\/148276\/revisions"}],"predecessor-version":[{"id":148278,"href":"https:\/\/vinasfm.com\/noticias\/wp-json\/wp\/v2\/posts\/148276\/revisions\/148278"}],"wp:featuredmedia":[{"embeddable":true,"href":"https:\/\/vinasfm.com\/noticias\/wp-json\/wp\/v2\/media\/148277"}],"wp:attachment":[{"href":"https:\/\/vinasfm.com\/noticias\/wp-json\/wp\/v2\/media?parent=148276"}],"wp:term":[{"taxonomy":"category","embeddable":true,"href":"https:\/\/vinasfm.com\/noticias\/wp-json\/wp\/v2\/categories?post=148276"},{"taxonomy":"post_tag","embeddable":true,"href":"https:\/\/vinasfm.com\/noticias\/wp-json\/wp\/v2\/tags?post=148276"}],"curies":[{"name":"wp","href":"https:\/\/api.w.org\/{rel}","templated":true}]}}