{"id":148250,"date":"2025-05-13T11:02:53","date_gmt":"2025-05-13T14:02:53","guid":{"rendered":"https:\/\/vinasfm.com\/noticias\/?p=148250"},"modified":"2025-05-14T10:16:33","modified_gmt":"2025-05-14T13:16:33","slug":"general-alvear-impulsa-el-programa-vuelta-a-casa-segura-para-prevenir-siniestros-viales","status":"publish","type":"post","link":"https:\/\/vinasfm.com\/noticias\/general-alvear-impulsa-el-programa-vuelta-a-casa-segura-para-prevenir-siniestros-viales\/","title":{"rendered":"EL HCD IMPULSA EL PROGRAMA \u00abVUELTA A CASA SEGURA\u00bb PARA PREVENIR SINIESTROS VIALES"},"content":{"rendered":"<p class=\"\" data-start=\"199\" data-end=\"643\"><strong><span style=\"color: #003300;\">La Comisi\u00f3n de Legislaci\u00f3n, Derechos y Garant\u00edas del Honorable Concejo Deliberante de General Alvear mantuvo una reuni\u00f3n con representantes de la Polic\u00eda de Mendoza y de la Polic\u00eda de Tr\u00e1nsito Departamental. El objetivo del encuentro fue abordar la problem\u00e1tica de los accidentes viales vinculados al consumo de alcohol y avanzar en la implementaci\u00f3n del programa \u00abVuelta a Casa Segura\u00bb.<\/span><\/strong><\/p>\n<p class=\"\" data-start=\"645\" data-end=\"1040\">La iniciativa, <em>presentada por la concejal <\/em><span style=\"color: #003366;\"><b>Silvina Melzi<\/b><span style=\"color: #000000;\">, b<\/span><\/span>usca fortalecer los controles viales en el departamento y crear un circuito seguro para que j\u00f3venes y adolescentes puedan regresar a sus hogares de forma protegida durante la noche. <strong><em>\u00abNo se trata de generar nuevos gastos, sino de coordinar mejor los recursos que ya est\u00e1n disponibles\u00bb<\/em><\/strong>, explic\u00f3 Melzi en di\u00e1logo con <span style=\"color: #800080;\"><strong>FM VI\u00d1AS<\/strong><\/span>.<\/p>\n<p class=\"\" data-start=\"1042\" data-end=\"1412\">El programa contempla la <strong>participaci\u00f3n activa de la Polic\u00eda de Mendoza, el Instituto Universitario de Seguridad P\u00fablica (IUSP), el Cuerpo de Preventores y las comisar\u00edas jurisdiccionales, en conjunto con el municipio.<\/strong> La propuesta incluye tambi\u00e9n campa\u00f1as de concientizaci\u00f3n, promoci\u00f3n del conductor designado y recorridos seguros en zonas de alta concurrencia nocturna.<\/p>\n<p class=\"\" data-start=\"1414\" data-end=\"1681\"><em><strong>\u201cQueremos que los chicos vuelvan sanos y seguros a casa. La idea es potenciar lo que ya se viene haciendo, integrarlo, y hacerlo m\u00e1s eficiente\u201d<\/strong><\/em>, afirm\u00f3 Melzi, quien adem\u00e1s destac\u00f3 la importancia de la participaci\u00f3n del Concejo Deliberante en estas pol\u00edticas p\u00fablicas. En ese sentido, la edil remarc\u00f3 que <em><strong>\u00abAlvear es una ciudad peque\u00f1a que permite generar un circuito saludable para asegurar la seguridad de los vecinos\u00bb.<\/strong><\/em><\/p>\n<p data-start=\"1414\" data-end=\"1681\"><a href=\"https:\/\/vinasfm.com\/noticias\/wp-content\/uploads\/2025\/05\/Imagen-de-WhatsApp-2025-05-13-a-las-09.18.15_b0c97b0f.jpg\"><img loading=\"lazy\" decoding=\"async\" class=\"alignnone wp-image-148252\" src=\"https:\/\/vinasfm.com\/noticias\/wp-content\/uploads\/2025\/05\/Imagen-de-WhatsApp-2025-05-13-a-las-09.18.15_b0c97b0f-1024x785.jpg\" alt=\"\" width=\"320\" height=\"245\" srcset=\"https:\/\/vinasfm.com\/noticias\/wp-content\/uploads\/2025\/05\/Imagen-de-WhatsApp-2025-05-13-a-las-09.18.15_b0c97b0f-1024x785.jpg 1024w, https:\/\/vinasfm.com\/noticias\/wp-content\/uploads\/2025\/05\/Imagen-de-WhatsApp-2025-05-13-a-las-09.18.15_b0c97b0f-300x230.jpg 300w, https:\/\/vinasfm.com\/noticias\/wp-content\/uploads\/2025\/05\/Imagen-de-WhatsApp-2025-05-13-a-las-09.18.15_b0c97b0f-768x589.jpg 768w, https:\/\/vinasfm.com\/noticias\/wp-content\/uploads\/2025\/05\/Imagen-de-WhatsApp-2025-05-13-a-las-09.18.15_b0c97b0f.jpg 1280w\" sizes=\"auto, (max-width: 320px) 100vw, 320px\" \/><\/a> <a href=\"https:\/\/vinasfm.com\/noticias\/wp-content\/uploads\/2025\/05\/Imagen-de-WhatsApp-2025-05-13-a-las-09.18.17_48d1caac.jpg\"><img loading=\"lazy\" decoding=\"async\" class=\"alignnone wp-image-148253\" src=\"https:\/\/vinasfm.com\/noticias\/wp-content\/uploads\/2025\/05\/Imagen-de-WhatsApp-2025-05-13-a-las-09.18.17_48d1caac-1024x615.jpg\" alt=\"\" width=\"408\" height=\"245\" srcset=\"https:\/\/vinasfm.com\/noticias\/wp-content\/uploads\/2025\/05\/Imagen-de-WhatsApp-2025-05-13-a-las-09.18.17_48d1caac-1024x615.jpg 1024w, https:\/\/vinasfm.com\/noticias\/wp-content\/uploads\/2025\/05\/Imagen-de-WhatsApp-2025-05-13-a-las-09.18.17_48d1caac-300x180.jpg 300w, https:\/\/vinasfm.com\/noticias\/wp-content\/uploads\/2025\/05\/Imagen-de-WhatsApp-2025-05-13-a-las-09.18.17_48d1caac-768x461.jpg 768w, https:\/\/vinasfm.com\/noticias\/wp-content\/uploads\/2025\/05\/Imagen-de-WhatsApp-2025-05-13-a-las-09.18.17_48d1caac.jpg 1280w\" sizes=\"auto, (max-width: 408px) 100vw, 408px\" \/><\/a><\/p>\n<p class=\"\" data-start=\"1683\" data-end=\"2225\">Por su parte, el concejal <span style=\"color: #003366;\"><strong>Hern\u00e1n Climent<\/strong><\/span>, remarc\u00f3 la gravedad de la situaci\u00f3n vial en el departamento: <em><strong>\u201cHace un tiempo nuestra comunidad ha sido sacudida por distintos accidentes de tr\u00e1nsito y eso nos obliga a redoblar esfuerzos\u201d<\/strong><\/em>. Climent subray\u00f3 la importancia de la educaci\u00f3n y la conciencia ciudadana como pilares para enfrentar esta problem\u00e1tica: <em><strong>\u201cNadie va a hacer por nosotros lo que nosotros mismos no estemos dispuestos a hacer. Debemos asumir la responsabilidad de cuidar a nuestros ni\u00f1os y adolescentes\u201d.<\/strong><\/em><\/p>\n<p class=\"\" data-start=\"2227\" data-end=\"2601\">El concejal hizo hincapi\u00e9 en la necesidad de continuar con las gestiones para dotar a las fuerzas de seguridad de los elementos necesarios, adem\u00e1s de impulsar campa\u00f1as de prevenci\u00f3n y educaci\u00f3n vial. Asimismo, mencion\u00f3 la posible instalaci\u00f3n de <strong><em>\u201ct\u00f3tems de seguridad\u201d<\/em><\/strong>, equipados con c\u00e1maras y botones de p\u00e1nico, para ofrecer asistencia inmediata en situaciones de emergencia.<\/p>\n<p class=\"\" data-start=\"2603\" data-end=\"2844\">El trabajo de comisiones en el <strong>Concejo Deliberante continuar\u00e1 este martes con las comisiones de Obras P\u00fablicas, Hacienda y G\u00e9nero y Equidad, y el mi\u00e9rcoles con Labor Parlamentaria, de cara a la sesi\u00f3n ordinaria del pr\u00f3ximo jueves 15 de mayo.<\/strong><\/p>\n<p class=\"\" data-start=\"2846\" data-end=\"3104\">La implementaci\u00f3n del programa<em> \u00abVuelta a Casa Segura\u00bb<\/em> representa una respuesta integral frente a una problem\u00e1tica que ha marcado a la comunidad de General Alvear y busca, desde el consenso y la acci\u00f3n coordinada, reducir los siniestros viales y salvar vidas.<\/p>\n<p data-start=\"2846\" data-end=\"3104\"><a href=\"https:\/\/vinasfm.com\/noticias\/wp-content\/uploads\/2025\/05\/RESOLUCION-scaled.jpg\"><img loading=\"lazy\" decoding=\"async\" class=\"alignnone wp-image-148256 size-large\" src=\"https:\/\/vinasfm.com\/noticias\/wp-content\/uploads\/2025\/05\/RESOLUCION-791x1024.jpg\" alt=\"\" width=\"791\" height=\"1024\" srcset=\"https:\/\/vinasfm.com\/noticias\/wp-content\/uploads\/2025\/05\/RESOLUCION-791x1024.jpg 791w, https:\/\/vinasfm.com\/noticias\/wp-content\/uploads\/2025\/05\/RESOLUCION-232x300.jpg 232w, https:\/\/vinasfm.com\/noticias\/wp-content\/uploads\/2025\/05\/RESOLUCION-768x994.jpg 768w, https:\/\/vinasfm.com\/noticias\/wp-content\/uploads\/2025\/05\/RESOLUCION-1187x1536.jpg 1187w, https:\/\/vinasfm.com\/noticias\/wp-content\/uploads\/2025\/05\/RESOLUCION-1583x2048.jpg 1583w, https:\/\/vinasfm.com\/noticias\/wp-content\/uploads\/2025\/05\/RESOLUCION-scaled.jpg 1978w\" sizes=\"auto, (max-width: 791px) 100vw, 791px\" \/><\/a><\/p>\n","protected":false},"excerpt":{"rendered":"<p>La Comisi\u00f3n de Legislaci\u00f3n, Derechos y Garant\u00edas del Honorable Concejo Deliberante de General Alvear mantuvo una reuni\u00f3n con representantes de la &#8230;<\/p>\n","protected":false},"author":7,"featured_media":148251,"comment_status":"open","ping_status":"open","sticky":false,"template":"","format":"standard","meta":{"footnotes":""},"categories":[26,56],"tags":[],"class_list":["post-148250","post","type-post","status-publish","format-standard","has-post-thumbnail","hentry","category-hcd","category-seguridad-vial"],"_links":{"self":[{"href":"https:\/\/vinasfm.com\/noticias\/wp-json\/wp\/v2\/posts\/148250","targetHints":{"allow":["GET"]}}],"collection":[{"href":"https:\/\/vinasfm.com\/noticias\/wp-json\/wp\/v2\/posts"}],"about":[{"href":"https:\/\/vinasfm.com\/noticias\/wp-json\/wp\/v2\/types\/post"}],"author":[{"embeddable":true,"href":"https:\/\/vinasfm.com\/noticias\/wp-json\/wp\/v2\/users\/7"}],"replies":[{"embeddable":true,"href":"https:\/\/vinasfm.com\/noticias\/wp-json\/wp\/v2\/comments?post=148250"}],"version-history":[{"count":4,"href":"https:\/\/vinasfm.com\/noticias\/wp-json\/wp\/v2\/posts\/148250\/revisions"}],"predecessor-version":[{"id":148289,"href":"https:\/\/vinasfm.com\/noticias\/wp-json\/wp\/v2\/posts\/148250\/revisions\/148289"}],"wp:featuredmedia":[{"embeddable":true,"href":"https:\/\/vinasfm.com\/noticias\/wp-json\/wp\/v2\/media\/148251"}],"wp:attachment":[{"href":"https:\/\/vinasfm.com\/noticias\/wp-json\/wp\/v2\/media?parent=148250"}],"wp:term":[{"taxonomy":"category","embeddable":true,"href":"https:\/\/vinasfm.com\/noticias\/wp-json\/wp\/v2\/categories?post=148250"},{"taxonomy":"post_tag","embeddable":true,"href":"https:\/\/vinasfm.com\/noticias\/wp-json\/wp\/v2\/tags?post=148250"}],"curies":[{"name":"wp","href":"https:\/\/api.w.org\/{rel}","templated":true}]}}