{"id":148217,"date":"2025-05-13T08:36:05","date_gmt":"2025-05-13T11:36:05","guid":{"rendered":"https:\/\/vinasfm.com\/noticias\/?p=148217"},"modified":"2025-05-14T09:02:13","modified_gmt":"2025-05-14T12:02:13","slug":"el-doloroso-pedido-de-justicia-de-las-familias-de-francisco-cruz-y-yesica-gatica","status":"publish","type":"post","link":"https:\/\/vinasfm.com\/noticias\/el-doloroso-pedido-de-justicia-de-las-familias-de-francisco-cruz-y-yesica-gatica\/","title":{"rendered":"EL DOLOROSO PEDIDO DE JUSTICIA DE LAS FAMILIAS DE FRANCISCO CRUZ Y Y\u00c9SICA GATICA"},"content":{"rendered":"<p class=\"\" data-start=\"126\" data-end=\"421\"><span style=\"color: #003300;\"><strong>En medio del dolor de dos familias, se conoci\u00f3 en las \u00faltimas horas que la Justicia otorg\u00f3 el beneficio de la prisi\u00f3n domiciliaria a Francisco Agust\u00edn Mart\u00ednez Lucero, el conductor que el pasado 13 de abril atropell\u00f3 y mat\u00f3 a Francisco Cruz, y caus\u00f3 graves lesiones a Yesica Gatica, quien contin\u00faa luchando por su vida.<\/strong><\/span><\/p>\n<p class=\"\" data-start=\"423\" data-end=\"824\">El acusado, oriundo de Catriel, est\u00e1 imputado por <strong data-start=\"473\" data-end=\"511\">homicidio simple con dolo eventual<\/strong>, una calificaci\u00f3n que implica que <strong>el conductor asumi\u00f3 el riesgo de provocar un da\u00f1o irreversible al conducir en estado de ebriedad<\/strong>. A pesar de la gravedad del hecho, la Justicia determin\u00f3 que cumpla la medida cautelar bajo arresto domiciliario, argumentando que el imputado no posee antecedentes penales previos.<\/p>\n<p class=\"\" data-start=\"826\" data-end=\"1170\">La decisi\u00f3n gener\u00f3 indignaci\u00f3n entre los allegados de las v\u00edctimas, <strong>quienes reclaman una respuesta judicial m\u00e1s firme y acorde a la gravedad del hecho<\/strong>. Uno de los testimonios m\u00e1s conmovedores fue el de <strong data-start=\"1028\" data-end=\"1045\">Gustavo Araya<\/strong>, t\u00edo de Y\u00e9sica Gatica, quien desde Mendoza <a href=\"https:\/\/www.facebook.com\/share\/p\/192bedFTzg\/\">expres\u00f3 su profundo malestar a trav\u00e9s de un comunicado<\/a> dirigido al juez del caso:<\/p>\n<blockquote data-start=\"1172\" data-end=\"1748\">\n<p class=\"\" data-start=\"1174\" data-end=\"1748\"><em>\u201cSe\u00f1or juez, con mucho respeto me dirijo a usted. Viendo la decisi\u00f3n que puedan tomar respecto a la prisi\u00f3n domiciliaria del culpable del accidente del pasado 13, tenga en cuenta todo el da\u00f1o ocasionado a dos personas: una fallecida y mi sobrina luchando por vivir. Le pido que por un momento sea padre o familiar de los damnificados, \u00bfqu\u00e9 sentir\u00eda usted al respecto? Necesitamos justicia, pero de verdad. Que espere el juicio dentro del penal, como tiene que ser. Muchas gracias a todos por las oraciones. Les comparto una foto de ella, pensemos bien la decisi\u00f3n. Gracias\u201d.<\/em><\/p>\n<\/blockquote>\n<p class=\"\" data-start=\"1750\" data-end=\"1981\">El caso contin\u00faa su curso judicial, mientras familiares, amigos y vecinos exigen justicia y acompa\u00f1an a Yesica en su delicado estado de salud. <strong>La comunidad se mantiene en vilo, esperando que se haga justicia por Francisco y Yesica.<\/strong><\/p>\n","protected":false},"excerpt":{"rendered":"<p>En medio del dolor de dos familias, se conoci\u00f3 en las \u00faltimas horas que la Justicia otorg\u00f3 el beneficio de la &#8230;<\/p>\n","protected":false},"author":7,"featured_media":148218,"comment_status":"open","ping_status":"open","sticky":false,"template":"","format":"standard","meta":{"footnotes":""},"categories":[22,11],"tags":[],"class_list":["post-148217","post","type-post","status-publish","format-standard","has-post-thumbnail","hentry","category-justicia","category-sociales"],"_links":{"self":[{"href":"https:\/\/vinasfm.com\/noticias\/wp-json\/wp\/v2\/posts\/148217","targetHints":{"allow":["GET"]}}],"collection":[{"href":"https:\/\/vinasfm.com\/noticias\/wp-json\/wp\/v2\/posts"}],"about":[{"href":"https:\/\/vinasfm.com\/noticias\/wp-json\/wp\/v2\/types\/post"}],"author":[{"embeddable":true,"href":"https:\/\/vinasfm.com\/noticias\/wp-json\/wp\/v2\/users\/7"}],"replies":[{"embeddable":true,"href":"https:\/\/vinasfm.com\/noticias\/wp-json\/wp\/v2\/comments?post=148217"}],"version-history":[{"count":1,"href":"https:\/\/vinasfm.com\/noticias\/wp-json\/wp\/v2\/posts\/148217\/revisions"}],"predecessor-version":[{"id":148219,"href":"https:\/\/vinasfm.com\/noticias\/wp-json\/wp\/v2\/posts\/148217\/revisions\/148219"}],"wp:featuredmedia":[{"embeddable":true,"href":"https:\/\/vinasfm.com\/noticias\/wp-json\/wp\/v2\/media\/148218"}],"wp:attachment":[{"href":"https:\/\/vinasfm.com\/noticias\/wp-json\/wp\/v2\/media?parent=148217"}],"wp:term":[{"taxonomy":"category","embeddable":true,"href":"https:\/\/vinasfm.com\/noticias\/wp-json\/wp\/v2\/categories?post=148217"},{"taxonomy":"post_tag","embeddable":true,"href":"https:\/\/vinasfm.com\/noticias\/wp-json\/wp\/v2\/tags?post=148217"}],"curies":[{"name":"wp","href":"https:\/\/api.w.org\/{rel}","templated":true}]}}