{"id":148202,"date":"2025-05-13T11:41:55","date_gmt":"2025-05-13T14:41:55","guid":{"rendered":"https:\/\/vinasfm.com\/noticias\/?p=148202"},"modified":"2025-05-14T10:16:08","modified_gmt":"2025-05-14T13:16:08","slug":"gabriel-fidel-vicerrector-de-la-uncuyo-puso-en-valor-los-proyectos-que-realizan-con-la-escuela-agricultura","status":"publish","type":"post","link":"https:\/\/vinasfm.com\/noticias\/gabriel-fidel-vicerrector-de-la-uncuyo-puso-en-valor-los-proyectos-que-realizan-con-la-escuela-agricultura\/","title":{"rendered":"GABRIEL FIDEL, VICERRECTOR DE LA UNCUYO, PUSO EN VALOR LOS PROYECTOS QUE REALIZAN CON LA ESCUELA AGRICULTURA"},"content":{"rendered":"<h4><strong><span class=\"css-1jxf684 r-bcqeeo r-1ttztb7 r-qvutc0 r-poiln3\">&#8216;Junto a nuestros estudiantes de la Escuela de Agricultura de Gral Alvear <\/span><\/strong><span class=\"css-1jxf684 r-bcqeeo r-1ttztb7 r-qvutc0 r-poiln3\"><strong>participamos de la 44\u00ba Fiesta Nacional de la Ganader\u00eda de Zonas \u00c1ridas&#8217; expres\u00f3 el vicerrector en su red social X.<\/strong>\u00a0<\/span><\/h4>\n<p>Durante su paso por el departamento, en di\u00e1logo con <strong><span style=\"color: #800080;\">FM VI\u00d1AS<\/span><\/strong>, resalt\u00f3 los proyectos que estan llevando a cabo: <em><strong>&#8216;me alegra estar en Alvear, donde he tenido la oportunidad de reunirme con la directora de la Escuela de Agricultura y discutir proyectos importantes, uno de los objetivos es agrupar las diferentes facultades y escuelas de la Universidad Nacional de Cuyo (UNCUYO) en Alvear para promover el crecimiento y la presencia de la instituci\u00f3n en la regi\u00f3n&#8217;.<\/strong><\/em><\/p>\n<p><strong><span style=\"color: #800080;\">\u00bfCU\u00c1L ES EL OBJETIVO?<\/span><\/strong><\/p>\n<p><em><strong>&#8216;El proyecto busca detectar las demandas laborales y ofrecer respuestas adecuadas a trav\u00e9s de oficios y tecnicaturas. La idea es trabajar en equipo con la comunidad y las autoridades locales para identificar las necesidades y desarrollar planes de trabajo efectivos&#8217;<\/strong><\/em>.<\/p>\n<p>La <strong><span style=\"color: #ff0000;\">UNCUYO<\/span><\/strong> tiene varias facultades y escuelas en Alvear, incluyendo:<\/p>\n<ol>\n<li>La Facultad de Ciencias Agrarias (FCA)<\/li>\n<li>La Facultad de Ciencias Exactas y Naturales (FACEN)<\/li>\n<li>La Escuela de Agricultura<\/li>\n<li>El Instituto Tecnol\u00f3gico Universitario (ITU)<\/li>\n<\/ol>\n<p>Asimismo <strong><span style=\"color: #800080;\">Fidel<\/span><\/strong> remarc\u00f3 el compromiso que representa el equipo de profesionales en General Alvear: <em><strong>&#8216;la gente que representa a la UNCUYO en Alvear es muy entusiasta y trabajadora, lo que facilita el desarrollo de proyectos y la colaboraci\u00f3n con la comunidad&#8217;. <\/strong><\/em><\/p>\n<p><em><strong>&#8216;El objetivo es seguir trabajando juntos para promover el crecimiento y el desarrollo de la regi\u00f3n&#8217;<\/strong> <\/em>Finaliz\u00f3 diciendo <span style=\"color: #800080;\"><strong>Gabriel Fidel<\/strong><\/span>.<\/p>\n","protected":false},"excerpt":{"rendered":"<p>&#8216;Junto a nuestros estudiantes de la Escuela de Agricultura de Gral Alvear participamos de la 44\u00ba Fiesta Nacional de la Ganader\u00eda &#8230;<\/p>\n","protected":false},"author":7,"featured_media":148248,"comment_status":"open","ping_status":"open","sticky":false,"template":"","format":"standard","meta":{"footnotes":""},"categories":[10,214],"tags":[],"class_list":["post-148202","post","type-post","status-publish","format-standard","has-post-thumbnail","hentry","category-destacadas","category-uncuyo"],"_links":{"self":[{"href":"https:\/\/vinasfm.com\/noticias\/wp-json\/wp\/v2\/posts\/148202","targetHints":{"allow":["GET"]}}],"collection":[{"href":"https:\/\/vinasfm.com\/noticias\/wp-json\/wp\/v2\/posts"}],"about":[{"href":"https:\/\/vinasfm.com\/noticias\/wp-json\/wp\/v2\/types\/post"}],"author":[{"embeddable":true,"href":"https:\/\/vinasfm.com\/noticias\/wp-json\/wp\/v2\/users\/7"}],"replies":[{"embeddable":true,"href":"https:\/\/vinasfm.com\/noticias\/wp-json\/wp\/v2\/comments?post=148202"}],"version-history":[{"count":3,"href":"https:\/\/vinasfm.com\/noticias\/wp-json\/wp\/v2\/posts\/148202\/revisions"}],"predecessor-version":[{"id":148260,"href":"https:\/\/vinasfm.com\/noticias\/wp-json\/wp\/v2\/posts\/148202\/revisions\/148260"}],"wp:featuredmedia":[{"embeddable":true,"href":"https:\/\/vinasfm.com\/noticias\/wp-json\/wp\/v2\/media\/148248"}],"wp:attachment":[{"href":"https:\/\/vinasfm.com\/noticias\/wp-json\/wp\/v2\/media?parent=148202"}],"wp:term":[{"taxonomy":"category","embeddable":true,"href":"https:\/\/vinasfm.com\/noticias\/wp-json\/wp\/v2\/categories?post=148202"},{"taxonomy":"post_tag","embeddable":true,"href":"https:\/\/vinasfm.com\/noticias\/wp-json\/wp\/v2\/tags?post=148202"}],"curies":[{"name":"wp","href":"https:\/\/api.w.org\/{rel}","templated":true}]}}