{"id":148180,"date":"2025-05-12T11:25:18","date_gmt":"2025-05-12T14:25:18","guid":{"rendered":"https:\/\/vinasfm.com\/noticias\/?p=148180"},"modified":"2025-05-13T11:42:55","modified_gmt":"2025-05-13T14:42:55","slug":"general-alvear-cerro-con-exito-una-fiesta-que-dejo-casi-500-millones-de-pesos-en-la-economia-local","status":"publish","type":"post","link":"https:\/\/vinasfm.com\/noticias\/general-alvear-cerro-con-exito-una-fiesta-que-dejo-casi-500-millones-de-pesos-en-la-economia-local\/","title":{"rendered":"DESDE LA DIRECCI\u00d3N DE TURISMO BRINDARON UN POSTIVO BALANCE SOBRE LA FIESTA DE LA GANADER\u00cdA"},"content":{"rendered":"<h4 data-start=\"183\" data-end=\"311\"><span style=\"color: #003300;\"><strong>El director de Turismo, Gustavo Garc\u00eda, destac\u00f3 el impacto econ\u00f3mico y adelant\u00f3 proyectos para potenciar a\u00fan m\u00e1s la actividad.<\/strong><\/span><\/h4>\n<p class=\"\" data-start=\"313\" data-end=\"734\">General Alvear vivi\u00f3 una de las celebraciones m\u00e1s relevantes para el sector tur\u00edstico local, la <em>Fiesta Nacional de la Ganader\u00eda<\/em>, que <strong>no solo atrajo a miles de visitantes sino que tambi\u00e9n dej\u00f3 un importante movimiento econ\u00f3mico.<\/strong> Seg\u00fan inform\u00f3 el<em> director de Turismo de General Alvear<\/em>, <span style=\"color: #003366;\"><strong>Gustavo Garc\u00eda<\/strong><\/span>, la fiesta <strong>gener\u00f3 ingresos estimados entre 470 y 490 millones de pesos<\/strong>, con una afluencia constante de turistas y expositores desde el lunes previo al evento.<\/p>\n<p class=\"\" data-start=\"736\" data-end=\"1134\"><em><strong>\u201cFue un \u00e9xito total, no solo para el turismo sino para toda la comunidad alvearense. Hubo una importante ocupaci\u00f3n hotelera y un gran consumo en distintos rubros, desde combustibles y tiendas hasta carnicer\u00edas y servicios varios\u201d<\/strong><\/em>, detall\u00f3 Garc\u00eda. Seg\u00fan las estimaciones, cada visitante gast\u00f3 aproximadamente 85 mil pesos, cifra que incluye alojamiento, comidas, meriendas, desayuno y otras compras.<\/p>\n<p class=\"\" data-start=\"1136\" data-end=\"1674\">El impacto no se limit\u00f3 solo a los d\u00edas de la fiesta. Garc\u00eda adelant\u00f3 que ya se est\u00e1n gestionando nuevos proyectos de infraestructura tur\u00edstica. En este sentido, destac\u00f3 que se entregaron al <em>secretario de Turismo y Deporte de la Naci\u00f3n<\/em>, <span style=\"color: #003366;\"><strong>Daniel Scioli<\/strong><\/span>, tres proyectos clave, entre ellos la tan anhelada construcci\u00f3n de los p\u00f3rticos de ingreso al departamento, un pedido que lleva m\u00e1s de 27 a\u00f1os. <em><strong>\u201cEl costo estimado para estos tres p\u00f3rticos es de 530 millones de pesos y la idea es contar con financiamiento nacional o provincial\u201d<\/strong><\/em>, explic\u00f3.<\/p>\n<p class=\"\" data-start=\"1676\" data-end=\"2066\">Los p\u00f3rticos se ubicar\u00edan en puntos estrat\u00e9gicos: sobre la Ruta 188 a la altura de La Puma, en la zona de Carmenza cerca de la estaci\u00f3n de servicio, y en la Ruta 143 Norte antes de la bodega Jorge Rubio. <strong><em>\u201cEsto no solo brindar\u00e1 una mejor bienvenida a los turistas, sino que permitir\u00e1 un mayor control de los ingresos tanto al departamento como a la provincia de Mendoza\u201d<\/em><\/strong>, se\u00f1al\u00f3 el director.<\/p>\n<p class=\"\" data-start=\"2068\" data-end=\"2459\">El crecimiento tur\u00edstico tambi\u00e9n se refleja en la expansi\u00f3n de la oferta de servicios, con la apertura reciente del nuevo Hotel Finca Alvear y la pr\u00f3xima inauguraci\u00f3n de un importante complejo en la Ruta 143 Sur. Adem\u00e1s, Garc\u00eda destac\u00f3 que siguen trabajando con propietarios de alojamientos tur\u00edsticos para formalizar y legalizar sus establecimientos, mejorando as\u00ed la seguridad y calidad de la oferta.<\/p>\n<p data-start=\"2068\" data-end=\"2459\">Una de las grandes ausente en la Fiesta Nacional de la Ganader\u00eda fue la<em> presidente del Ente Mendoza Turismo<\/em> (EMETUR), <span style=\"color: #003366;\"><strong>Gabriela Testa <\/strong><span style=\"color: #000000;\">ya que se encontraba en Brasil<\/span><\/span>, como tampoco estuvo presente el <em>Delegado de la Zona Sur del EMETUR<\/em>, <span style=\"color: #003366;\"><strong>Carlos Wainer<\/strong><\/span>. Es de destacar que la <em>Virreina Nacional de la Ganader\u00eda y Embajadora Permanente de la Ganader\u00eda<\/em>,<span style=\"color: #003366;\"><strong> Sof\u00eda Perfumo<\/strong><\/span>, tampoco pudo estar presente en el Almuerzo Oficial ya que se encontraba participando de la Feria del Libro, en Buenos Aires, junto a la <em>Reina Nacional de la Vendimia<\/em> y la delegaci\u00f3n mendocina.<\/p>\n<p class=\"\" data-start=\"2461\" data-end=\"2806\">La actividad no se detiene: del 25 al 30 de mayo se disputar\u00e1 el torneo nacional de handball, con la participaci\u00f3n confirmada de 39 equipos y alrededor de mil personas que llegar\u00e1n a la ciudad.<strong><em> \u201cEsto nos vuelve a posicionar como un destino destacado, con un ingreso importante de visitantes que beneficiar\u00e1 a toda la comunidad\u201d<\/em><\/strong>, concluy\u00f3 Garc\u00eda.<\/p>\n<h6 data-start=\"2461\" data-end=\"2806\"><span style=\"color: #003366;\">G. Vallejos.<\/span><\/h6>\n","protected":false},"excerpt":{"rendered":"<p>El director de Turismo, Gustavo Garc\u00eda, destac\u00f3 el impacto econ\u00f3mico y adelant\u00f3 proyectos para potenciar a\u00fan m\u00e1s la actividad. General Alvear &#8230;<\/p>\n","protected":false},"author":7,"featured_media":148182,"comment_status":"open","ping_status":"open","sticky":false,"template":"","format":"standard","meta":{"footnotes":""},"categories":[5,21],"tags":[],"class_list":["post-148180","post","type-post","status-publish","format-standard","has-post-thumbnail","hentry","category-actualidad","category-turismo-2"],"_links":{"self":[{"href":"https:\/\/vinasfm.com\/noticias\/wp-json\/wp\/v2\/posts\/148180","targetHints":{"allow":["GET"]}}],"collection":[{"href":"https:\/\/vinasfm.com\/noticias\/wp-json\/wp\/v2\/posts"}],"about":[{"href":"https:\/\/vinasfm.com\/noticias\/wp-json\/wp\/v2\/types\/post"}],"author":[{"embeddable":true,"href":"https:\/\/vinasfm.com\/noticias\/wp-json\/wp\/v2\/users\/7"}],"replies":[{"embeddable":true,"href":"https:\/\/vinasfm.com\/noticias\/wp-json\/wp\/v2\/comments?post=148180"}],"version-history":[{"count":5,"href":"https:\/\/vinasfm.com\/noticias\/wp-json\/wp\/v2\/posts\/148180\/revisions"}],"predecessor-version":[{"id":148261,"href":"https:\/\/vinasfm.com\/noticias\/wp-json\/wp\/v2\/posts\/148180\/revisions\/148261"}],"wp:featuredmedia":[{"embeddable":true,"href":"https:\/\/vinasfm.com\/noticias\/wp-json\/wp\/v2\/media\/148182"}],"wp:attachment":[{"href":"https:\/\/vinasfm.com\/noticias\/wp-json\/wp\/v2\/media?parent=148180"}],"wp:term":[{"taxonomy":"category","embeddable":true,"href":"https:\/\/vinasfm.com\/noticias\/wp-json\/wp\/v2\/categories?post=148180"},{"taxonomy":"post_tag","embeddable":true,"href":"https:\/\/vinasfm.com\/noticias\/wp-json\/wp\/v2\/tags?post=148180"}],"curies":[{"name":"wp","href":"https:\/\/api.w.org\/{rel}","templated":true}]}}