{"id":148172,"date":"2025-05-12T11:25:47","date_gmt":"2025-05-12T14:25:47","guid":{"rendered":"https:\/\/vinasfm.com\/noticias\/?p=148172"},"modified":"2025-05-13T09:18:51","modified_gmt":"2025-05-13T12:18:51","slug":"con-gran-exito-se-realizo-una-bicicleteada-escolar-recreativa-y-solidaria","status":"publish","type":"post","link":"https:\/\/vinasfm.com\/noticias\/con-gran-exito-se-realizo-una-bicicleteada-escolar-recreativa-y-solidaria\/","title":{"rendered":"CON GRAN \u00c9XITO SE REALIZ\u00d3 UNA BICICLETEADA ESCOLAR RECREATIVA Y SOLIDARIA"},"content":{"rendered":"<h4><strong>El pasado viernes por la tarde, estudiantes, docentes y autoridades se unieron en una bicicleteada escolar recreativa y solidaria que uni\u00f3 a la Escuela 12 de Agosto con la Escuela Nicol\u00e1s Luna. <\/strong><\/h4>\n<p>La actividad cont\u00f3 con la participaci\u00f3n del Ministro de Educaci\u00f3n, Cultura, Infancias y Direcci\u00f3n General de Escuelas de la Provincia de Mendoza, Tadeo Garc\u00eda Zalazar, quien acompa\u00f1\u00f3 a los chicos durante el recorrido y celebr\u00f3 la iniciativa como parte de una campa\u00f1a provincial que promueve h\u00e1bitos saludables, la educaci\u00f3n vial y la integraci\u00f3n escolar.<\/p>\n<p><em><strong>\u201cEstas son bicicleteadas saludables que estamos realizando en toda la provincia\u201d<\/strong>, <\/em>explic\u00f3 Garc\u00eda Zalazar.<\/p>\n<p><em><strong>\u201cLa idea es no solo fomentar la actividad f\u00edsica, sino generar un encuentro entre escuelas, compartir un rato con los chicos, dar una charla con consejos tanto de educaci\u00f3n vial como de cu\u00e1les son las actividades saludables que pueden hacer\u00bb<\/strong><\/em>, agreg\u00f3.<\/p>\n<p>La jornada, incluy\u00f3 no solo el paseo en bicicleta por las bicisendas del distrito, sino tambi\u00e9n una charla informativa y educativa sobre normas de tr\u00e1nsito y el uso seguro de la bicicleta. Los alumnos participantes recibieron cascos protectores y chalecos reflectivos, reforzando el mensaje de prevenci\u00f3n y visibilidad en la v\u00eda p\u00fablica.<\/p>\n<p>La actividad tambi\u00e9n tuvo un fuerte componente solidario. Como parte de la inscripci\u00f3n, cada estudiante aport\u00f3 un libro en buen estado, que, junto a ejemplares donados por la DGE, fueron entregados a la biblioteca de la Escuela Nicol\u00e1s Luna. <em><strong>\u201cEs una forma de seguir fortaleciendo nuestras bibliotecas escolares y el h\u00e1bito de la lectura\u201d<\/strong><\/em>, se\u00f1al\u00f3 el Ministro.<\/p>\n<p>Por su parte, el Director de Educaci\u00f3n, Jos\u00e9 Mor\u00e1n, destac\u00f3 el trabajo articulado entre las \u00e1reas de Deporte y Educaci\u00f3n del municipio y la provincia: <em><strong>\u201cfueron varias semanas de preparaci\u00f3n log\u00edstica y coordinaci\u00f3n entre l<\/strong><\/em>as escuelas. Esta bicicleteada es recreativa y tambi\u00e9n solidaria, y creemos que ha sido un verdadero \u00e9xito\u201d.<\/p>\n<p>Estudiantes como Ezequiel, de la Escuela 12 de Agosto, vivieron la jornada con entusiasmo: \u201cfue una experiencia linda, me gust\u00f3 compartir este momento, y pude hacerlo en una bici doble con mi profe porque no puedo andar solo por mi vista. Me encant\u00f3 recibir consejos de educaci\u00f3n vial y aprender cosas que no sab\u00eda, como la importancia de los espejos o las luces en la bici\u201d, cont\u00f3 emocionado.<\/p>\n<p>La bicicleteada forma parte de un programa que recorrer\u00e1 distintos departamentos de Mendoza, buscando fortalecer la educaci\u00f3n vial, fomentar el uso de medios de transporte sustentables y contribuir a una infancia m\u00e1s activa, saludable y solidaria.<\/p>\n","protected":false},"excerpt":{"rendered":"<p>El pasado viernes por la tarde, estudiantes, docentes y autoridades se unieron en una bicicleteada escolar recreativa y solidaria que uni\u00f3 &#8230;<\/p>\n","protected":false},"author":7,"featured_media":148181,"comment_status":"open","ping_status":"open","sticky":false,"template":"","format":"standard","meta":{"footnotes":""},"categories":[3,18],"tags":[],"class_list":["post-148172","post","type-post","status-publish","format-standard","has-post-thumbnail","hentry","category-deportes","category-educacion"],"_links":{"self":[{"href":"https:\/\/vinasfm.com\/noticias\/wp-json\/wp\/v2\/posts\/148172","targetHints":{"allow":["GET"]}}],"collection":[{"href":"https:\/\/vinasfm.com\/noticias\/wp-json\/wp\/v2\/posts"}],"about":[{"href":"https:\/\/vinasfm.com\/noticias\/wp-json\/wp\/v2\/types\/post"}],"author":[{"embeddable":true,"href":"https:\/\/vinasfm.com\/noticias\/wp-json\/wp\/v2\/users\/7"}],"replies":[{"embeddable":true,"href":"https:\/\/vinasfm.com\/noticias\/wp-json\/wp\/v2\/comments?post=148172"}],"version-history":[{"count":2,"href":"https:\/\/vinasfm.com\/noticias\/wp-json\/wp\/v2\/posts\/148172\/revisions"}],"predecessor-version":[{"id":148185,"href":"https:\/\/vinasfm.com\/noticias\/wp-json\/wp\/v2\/posts\/148172\/revisions\/148185"}],"wp:featuredmedia":[{"embeddable":true,"href":"https:\/\/vinasfm.com\/noticias\/wp-json\/wp\/v2\/media\/148181"}],"wp:attachment":[{"href":"https:\/\/vinasfm.com\/noticias\/wp-json\/wp\/v2\/media?parent=148172"}],"wp:term":[{"taxonomy":"category","embeddable":true,"href":"https:\/\/vinasfm.com\/noticias\/wp-json\/wp\/v2\/categories?post=148172"},{"taxonomy":"post_tag","embeddable":true,"href":"https:\/\/vinasfm.com\/noticias\/wp-json\/wp\/v2\/tags?post=148172"}],"curies":[{"name":"wp","href":"https:\/\/api.w.org\/{rel}","templated":true}]}}