{"id":148148,"date":"2025-05-12T10:26:12","date_gmt":"2025-05-12T13:26:12","guid":{"rendered":"https:\/\/vinasfm.com\/noticias\/?p=148148"},"modified":"2025-05-13T08:49:33","modified_gmt":"2025-05-13T11:49:33","slug":"desfile-de-funcionarios-los-que-dijeron-presente-en-el-almuerzo-oficial","status":"publish","type":"post","link":"https:\/\/vinasfm.com\/noticias\/desfile-de-funcionarios-los-que-dijeron-presente-en-el-almuerzo-oficial\/","title":{"rendered":"DESFILE DE FUNCIONARIOS: LOS QUE DIJERON PRESENTE EN EL ALMUERZO OFICIAL"},"content":{"rendered":"<p><strong><span style=\"color: #003300;\">Como cada a\u00f1o, durante la jornada del s\u00e1bado en el marco de la Fiesta Nacional de la Ganader\u00eda, General Alvear se transforma en el epicentro de la pol\u00edtica provincial, con la presencia de figuras destacadas.<\/span><\/strong><\/p>\n<p>En la previa del Almuerzo Oficial, decena de funcionarios pasaron por la avenida principal del predio ferial brindando diversas declaraciones.<\/p>\n<p>Uno de los primeros en hacerse presente fue el <em>diputado provincial por LAUM<\/em> <span style=\"color: #003366;\"><strong>Jorge Difonso<\/strong><\/span>, se\u00f1alando que<em><strong> \u201csiempre es agradable visitar a General Alvear y m\u00e1s en eventos que resaltan la econom\u00eda regional\u201d<\/strong><\/em>. En ese contexto, se refiri\u00f3 al gobierno provincial y las diferentes decisiones pol\u00edticas: <strong><em>\u201ctenemos un gobierno encabezado por el Alfredo Cornejo quien propone un m\u00e9todo minero extractivita. Nosotros consideramos que Mendoza debe proteger su econom\u00eda regional, con pol\u00edticas de desarrollo sustentable y, por sobre todo, buscar que no se contamine el agua\u201d<\/em><\/strong>. Adem\u00e1s, sostuvo que <em><strong>\u201cse est\u00e1 intentando imponer un proyecto minero escondi\u00e9ndole informaci\u00f3n a los ciudadanos\u201d.<\/strong><\/em><\/p>\n<p>Otro de los que dijo presente fue el <em>senador nacional<\/em> <span style=\"color: #003366;\"><strong>Alfredo De Angeli<\/strong><\/span>, quien tambi\u00e9n estuvo presente en el D\u00eda de Campo el pasado abril. El entrerriano se refiri\u00f3, principalmente, a la ca\u00edda del proyecto de Ficha Limpia:<em><strong> \u201clo m\u00e1s indignante es ver como festejaban. Entendemos que el proyecto habla necesitaba algunas modificaciones, pero ir en contra de la Ficha Limpia es apoyar la corrupci\u00f3n\u201d<\/strong><\/em>. En ese sentido cuestion\u00f3 la ausencia de algunos senadores, <em><strong>\u201cten\u00edamos los votos asegurados, hay muchas inc\u00f3gnitas sobre el motivo de las ausencias, pero lo lamentable es que decidieron no acompa\u00f1ar\u201d.<\/strong><\/em><\/p>\n<p>Por otro lado, De Angeli se refiri\u00f3 a la situaci\u00f3n del sector ganadero se\u00f1alando que <strong><em>\u201cla hacienda local tiene buenos precios porque hay buena gen\u00e9tica y, sin dudas, hay un enorme trabajado detr\u00e1s por parte de los productores\u201d.<\/em><\/strong><\/p>\n<p>El<em> senador provincial<\/em> <span style=\"color: #003366;\"><strong>Mart\u00edn Kerchner<\/strong><\/span> tambi\u00e9n estuvo presenten en el Almuerzo Oficial, destacando la visi\u00f3n de quienes crearon la Fiesta del Ternero Mendocino. As\u00ed mismo, se\u00f1al\u00f3 que<strong><em> \u201cMendoza es una provincia a la que le gusta innovar y por eso los mendocinos hacemos cosas para encaminar al pa\u00eds\u201d<\/em><\/strong>. Consultado por posibles fondos y proyectos destinados al sector, Kerchener manifest\u00f3 que <strong><em>\u201cun Estado inteligente es el que escucha y pone el foco en los pedidos de la gente\u201d.<\/em><\/strong><\/p>\n<p><img loading=\"lazy\" decoding=\"async\" class=\"aligncenter\" src=\"https:\/\/scontent.fmdz5-1.fna.fbcdn.net\/v\/t39.30808-6\/495383234_1192119539039921_7099837995500073175_n.jpg?stp=cp6_dst-jpg_tt6&amp;_nc_cat=111&amp;ccb=1-7&amp;_nc_sid=833d8c&amp;_nc_ohc=4PZh848ddBAQ7kNvwG3sI62&amp;_nc_oc=AdlH4iuCAwA46WxG2ZH8AhlhTFqeF5Y_bJg3Duur8rZDnwVEz8khvvHWTl-Yn6x7Tvc&amp;_nc_zt=23&amp;_nc_ht=scontent.fmdz5-1.fna&amp;_nc_gid=H0HgjkNXNAHfS-EyelQcAw&amp;oh=00_AfLt8nNggHFD6QbL6t4L5BCZ_odYtYQeQyZjOJbcAsyO0A&amp;oe=6827D7EE\" alt=\"Puede ser una imagen de 4 personas y carretera\" width=\"350\" height=\"467\" \/><\/p>\n<h6 style=\"text-align: center;\">Mart\u00edn Kerchner, senador provincial.<\/h6>\n<p>En representaci\u00f3n del gobierno nacional, lleg\u00f3 el <em>ministro de Defensa de la Naci\u00f3n<\/em>, <span style=\"color: #003366;\"><strong>Luis Petri<\/strong><\/span>, quien se mostr\u00f3 contento de regresar a General Alvear en el marco de <strong>\u201cuna fiesta muy importante no solo para el sur mendocino, sino que para toda la provincia\u201d<\/strong>. Su agenda en Alvear tambi\u00e9n integr\u00f3 reuniones con diversas figuras del empresariado local: <em><strong>\u201cpor supuesto que hay pedido que ser\u00e1n transmitidos al gobierno provincial y tambi\u00e9n al nacional\u201d<\/strong><\/em>. Junto a \u00e9l lleg\u00f3 el empresario local <strong><span style=\"color: #003366;\">Carlos Ponce<\/span><\/strong>, quien destac\u00f3 la agenda de Petri en el sur mendocino;<em><strong> \u201cel ministro siempre busca escuchar a todos los sectores y trazar una hoja de ruta con todos los pedidos y sugerencias\u201d.<\/strong><\/em><\/p>\n<p><img loading=\"lazy\" decoding=\"async\" class=\"aligncenter\" src=\"https:\/\/scontent.fmdz5-1.fna.fbcdn.net\/v\/t51.75761-15\/496768870_18507828094047335_107060619292996783_n.jpg?_nc_cat=101&amp;ccb=1-7&amp;_nc_sid=127cfc&amp;_nc_ohc=8LKDu6Q1o3gQ7kNvwHeiBDQ&amp;_nc_oc=AdlC47bBeF-57dGLqIkzHvc3Y6yEqMH0B_KC91akqv5orMydbWavyWcRedBGdUe6L9Q&amp;_nc_zt=23&amp;_nc_ht=scontent.fmdz5-1.fna&amp;_nc_gid=z6Nc4sbaiZ_9w9V4ZUqb_g&amp;oh=00_AfKUBnfNcgJKphqUVQT5AzXEqpxRMppMAkAhH-kcgJMr6g&amp;oe=68291036\" alt=\"Puede ser una imagen de 4 personas, multitud y texto\" width=\"455\" height=\"303\" \/><\/p>\n<h6 style=\"text-align: center;\">El ministro de Defensa Luis Petri, presente en el Almuerzo Oficial.<\/h6>\n","protected":false},"excerpt":{"rendered":"<p>Como cada a\u00f1o, durante la jornada del s\u00e1bado en el marco de la Fiesta Nacional de la Ganader\u00eda, General Alvear se &#8230;<\/p>\n","protected":false},"author":7,"featured_media":148156,"comment_status":"open","ping_status":"open","sticky":false,"template":"","format":"standard","meta":{"footnotes":""},"categories":[5,7],"tags":[],"class_list":["post-148148","post","type-post","status-publish","format-standard","has-post-thumbnail","hentry","category-actualidad","category-politica"],"_links":{"self":[{"href":"https:\/\/vinasfm.com\/noticias\/wp-json\/wp\/v2\/posts\/148148","targetHints":{"allow":["GET"]}}],"collection":[{"href":"https:\/\/vinasfm.com\/noticias\/wp-json\/wp\/v2\/posts"}],"about":[{"href":"https:\/\/vinasfm.com\/noticias\/wp-json\/wp\/v2\/types\/post"}],"author":[{"embeddable":true,"href":"https:\/\/vinasfm.com\/noticias\/wp-json\/wp\/v2\/users\/7"}],"replies":[{"embeddable":true,"href":"https:\/\/vinasfm.com\/noticias\/wp-json\/wp\/v2\/comments?post=148148"}],"version-history":[{"count":4,"href":"https:\/\/vinasfm.com\/noticias\/wp-json\/wp\/v2\/posts\/148148\/revisions"}],"predecessor-version":[{"id":148221,"href":"https:\/\/vinasfm.com\/noticias\/wp-json\/wp\/v2\/posts\/148148\/revisions\/148221"}],"wp:featuredmedia":[{"embeddable":true,"href":"https:\/\/vinasfm.com\/noticias\/wp-json\/wp\/v2\/media\/148156"}],"wp:attachment":[{"href":"https:\/\/vinasfm.com\/noticias\/wp-json\/wp\/v2\/media?parent=148148"}],"wp:term":[{"taxonomy":"category","embeddable":true,"href":"https:\/\/vinasfm.com\/noticias\/wp-json\/wp\/v2\/categories?post=148148"},{"taxonomy":"post_tag","embeddable":true,"href":"https:\/\/vinasfm.com\/noticias\/wp-json\/wp\/v2\/tags?post=148148"}],"curies":[{"name":"wp","href":"https:\/\/api.w.org\/{rel}","templated":true}]}}