{"id":148116,"date":"2025-05-11T23:12:05","date_gmt":"2025-05-12T02:12:05","guid":{"rendered":"https:\/\/vinasfm.com\/noticias\/?p=148116"},"modified":"2025-05-12T10:28:10","modified_gmt":"2025-05-12T13:28:10","slug":"un-joven-resulto-con-heridas-de-arma-blanca-tras-una-rina-en-el-ceibo","status":"publish","type":"post","link":"https:\/\/vinasfm.com\/noticias\/un-joven-resulto-con-heridas-de-arma-blanca-tras-una-rina-en-el-ceibo\/","title":{"rendered":"UN JOVEN RESULT\u00d3 CON HERIDAS DE ARMA BLANCA TRAS UNA RI\u00d1A EN EL CEIBO"},"content":{"rendered":"<div id=\"chat-history\" class=\"chat-history-scroll-container\">\n<div id=\"f2fbd4f3dd74a6d7\" class=\"conversation-container message-actions-hover-boundary tts-removed ng-star-inserted\">\n<div>\n<div class=\"response-container ng-tns-c2754462530-16 response-container-with-gpi tts-removed ng-star-inserted response-container-has-multiple-responses\">\n<div class=\"presented-response-container ng-tns-c2754462530-16\">\n<div class=\"response-container-content ng-tns-c2754462530-16\">\n<div class=\"response-content ng-tns-c2754462530-16\">\n<div id=\"model-response-message-contentr_f2fbd4f3dd74a6d7\" class=\"markdown markdown-main-panel enable-updated-hr-color\" dir=\"ltr\">\n<p data-sourcepos=\"3:1-3:293\"><span style=\"color: #003300;\"><strong>Un joven fue v\u00edctima de un ataque con arma blanca durante una ri\u00f1a ocurrida en la jornada del domingo. El herido debi\u00f3 ser intervenido quir\u00fargicamente de urgencia, seg\u00fan informaron fuentes policiales y el Hospital Enfermeros Argentinos de General Alvear.\u00a0<\/strong><\/span><\/p>\n<p data-sourcepos=\"7:1-7:289\">De acuerdo con los primeros datos recabados, la grave lesi\u00f3n se produjo en el marco de un altercado en El Ceibo, en inmediaciones de Calle 14 y C. Tras su ingreso, <strong>el joven recibi\u00f3 atenci\u00f3n m\u00e9dica inmediata por parte del equipo de guardia y fue trasladado al quir\u00f3fano para una cirug\u00eda de emergencia.<\/strong><\/p>\n<p data-sourcepos=\"11:1-11:395\">Por su parte, la Jefatura de Polic\u00eda Departamental de General Alvear emiti\u00f3 un comunicado de prensa confirmando el hecho. En el mismo, detallaron que se encuentran trabajando en la novedad ocurrida.<\/p>\n<p data-sourcepos=\"13:1-13:220\">El <strong>comunicado policial tambi\u00e9n informa que el presunto autor del ataque ya se encuentra aprehendido y a disposici\u00f3n del Ayudante Fiscal.<\/strong> Se espera que en las pr\u00f3ximas horas se brinden mayores detalles sobre el incidente.<\/p>\n<\/div>\n<\/div>\n<\/div>\n<\/div>\n<\/div>\n<\/div>\n<\/div>\n<\/div>\n<div class=\"input-area-container ng-star-inserted\">\n<div class=\"input-area ng-tns-c140499515-2 with-toolbox-drawer\" data-node-type=\"input-area\">\n<div class=\"text-input-field ng-tns-c140499515-2 with-toolbox-drawer height-expanded-past-single-line\">\n<div class=\"text-input-field_textarea-wrapper ng-tns-c140499515-2\">\n<div class=\"text-input-field-main-area ng-tns-c140499515-2\">\n<div class=\"text-input-field_textarea-inner ng-tns-c140499515-2\">\n<div class=\"ql-editor ql-blank textarea new-input-ui\" role=\"textbox\" contenteditable=\"true\" data-gramm=\"false\" aria-multiline=\"true\" aria-label=\"Introduce una petici\u00f3n aqu\u00ed\" data-placeholder=\"Pregunta a Gemini\"><\/div>\n<\/div>\n<\/div>\n<\/div>\n<\/div>\n<\/div>\n<\/div>\n","protected":false},"excerpt":{"rendered":"<p>Un joven fue v\u00edctima de un ataque con arma blanca durante una ri\u00f1a ocurrida en la jornada del domingo. El herido &#8230;<\/p>\n","protected":false},"author":7,"featured_media":148117,"comment_status":"open","ping_status":"open","sticky":false,"template":"","format":"standard","meta":{"footnotes":""},"categories":[4,33],"tags":[],"class_list":["post-148116","post","type-post","status-publish","format-standard","has-post-thumbnail","hentry","category-policiales","category-seguridad"],"_links":{"self":[{"href":"https:\/\/vinasfm.com\/noticias\/wp-json\/wp\/v2\/posts\/148116","targetHints":{"allow":["GET"]}}],"collection":[{"href":"https:\/\/vinasfm.com\/noticias\/wp-json\/wp\/v2\/posts"}],"about":[{"href":"https:\/\/vinasfm.com\/noticias\/wp-json\/wp\/v2\/types\/post"}],"author":[{"embeddable":true,"href":"https:\/\/vinasfm.com\/noticias\/wp-json\/wp\/v2\/users\/7"}],"replies":[{"embeddable":true,"href":"https:\/\/vinasfm.com\/noticias\/wp-json\/wp\/v2\/comments?post=148116"}],"version-history":[{"count":2,"href":"https:\/\/vinasfm.com\/noticias\/wp-json\/wp\/v2\/posts\/148116\/revisions"}],"predecessor-version":[{"id":148154,"href":"https:\/\/vinasfm.com\/noticias\/wp-json\/wp\/v2\/posts\/148116\/revisions\/148154"}],"wp:featuredmedia":[{"embeddable":true,"href":"https:\/\/vinasfm.com\/noticias\/wp-json\/wp\/v2\/media\/148117"}],"wp:attachment":[{"href":"https:\/\/vinasfm.com\/noticias\/wp-json\/wp\/v2\/media?parent=148116"}],"wp:term":[{"taxonomy":"category","embeddable":true,"href":"https:\/\/vinasfm.com\/noticias\/wp-json\/wp\/v2\/categories?post=148116"},{"taxonomy":"post_tag","embeddable":true,"href":"https:\/\/vinasfm.com\/noticias\/wp-json\/wp\/v2\/tags?post=148116"}],"curies":[{"name":"wp","href":"https:\/\/api.w.org\/{rel}","templated":true}]}}