{"id":148021,"date":"2025-05-09T11:04:12","date_gmt":"2025-05-09T14:04:12","guid":{"rendered":"https:\/\/vinasfm.com\/noticias\/?p=148021"},"modified":"2025-05-10T10:28:57","modified_gmt":"2025-05-10T13:28:57","slug":"148021-2","status":"publish","type":"post","link":"https:\/\/vinasfm.com\/noticias\/148021-2\/","title":{"rendered":"SADE CELEBR\u00d3 UNA NUEVA EDICI\u00d3N DE \u00abCUENTOS DE FOG\u00d3N\u00bb"},"content":{"rendered":"<h4><strong><span style=\"color: #003300;\">La Sociedad Alvearense de Escritores (SADE) llev\u00f3 adelante una nueva edici\u00f3n de \u00abCuentos de Fog\u00f3n\u00bb en el marco de la 44\u00b0 Fiesta Nacional de la Ganader\u00eda, consolidando 13 a\u00f1os de trayectoria como espacio de expresi\u00f3n literaria, art\u00edstica y cultural.<\/span><\/strong><\/h4>\n<p><strong><span style=\"color: #003366;\">Valeria G\u00f3mez<\/span><\/strong>, presidenta de la entidad, expres\u00f3 su satisfacci\u00f3n por el desarrollo del evento: <em><strong>\u201cel balance es altamente positivo. Agradecemos profundamente a todos quienes hicieron posible esta nueva edici\u00f3n, sum\u00e1ndose con compromiso y pasi\u00f3n a una propuesta que ya es parte del calendario cultural alvearense\u201d.<\/strong><\/em><\/p>\n<p>La actividad cont\u00f3 con la participaci\u00f3n de escritores locales, academias de danza, grupos folcl\u00f3ricos, instituciones culturales y actores del sector privado, en una puesta integral que resalt\u00f3 la identidad art\u00edstica de la regi\u00f3n.<\/p>\n<p>Desde SADE destacaron el acompa\u00f1amiento permanente del Municipio de General Alvear \u2014a trav\u00e9s de sus \u00e1reas de Cultura, Turismo y el Museo\u2014 y de la C\u00e1mara de Comercio, con quienes se trabaja en conjunto meses antes para garantizar la calidad del evento.<\/p>\n<p><em><strong>\u201cSeguimos apostando a la cultura, al arte y a la palabra como herramientas de encuentro y construcci\u00f3n colectiva. Invitamos a la comunidad a continuar acompa\u00f1ando a la Sociedad Alvearense de Escritores en este camino\u201d<\/strong><\/em>, concluy\u00f3 G\u00f3mez.<\/p>\n","protected":false},"excerpt":{"rendered":"<p>La Sociedad Alvearense de Escritores (SADE) llev\u00f3 adelante una nueva edici\u00f3n de \u00abCuentos de Fog\u00f3n\u00bb en el marco de la 44\u00b0 &#8230;<\/p>\n","protected":false},"author":7,"featured_media":148022,"comment_status":"open","ping_status":"open","sticky":false,"template":"","format":"standard","meta":{"footnotes":""},"categories":[19,28],"tags":[],"class_list":["post-148021","post","type-post","status-publish","format-standard","has-post-thumbnail","hentry","category-cultura","category-fiesta-nacional-de-la-ganaderia"],"_links":{"self":[{"href":"https:\/\/vinasfm.com\/noticias\/wp-json\/wp\/v2\/posts\/148021","targetHints":{"allow":["GET"]}}],"collection":[{"href":"https:\/\/vinasfm.com\/noticias\/wp-json\/wp\/v2\/posts"}],"about":[{"href":"https:\/\/vinasfm.com\/noticias\/wp-json\/wp\/v2\/types\/post"}],"author":[{"embeddable":true,"href":"https:\/\/vinasfm.com\/noticias\/wp-json\/wp\/v2\/users\/7"}],"replies":[{"embeddable":true,"href":"https:\/\/vinasfm.com\/noticias\/wp-json\/wp\/v2\/comments?post=148021"}],"version-history":[{"count":3,"href":"https:\/\/vinasfm.com\/noticias\/wp-json\/wp\/v2\/posts\/148021\/revisions"}],"predecessor-version":[{"id":148069,"href":"https:\/\/vinasfm.com\/noticias\/wp-json\/wp\/v2\/posts\/148021\/revisions\/148069"}],"wp:featuredmedia":[{"embeddable":true,"href":"https:\/\/vinasfm.com\/noticias\/wp-json\/wp\/v2\/media\/148022"}],"wp:attachment":[{"href":"https:\/\/vinasfm.com\/noticias\/wp-json\/wp\/v2\/media?parent=148021"}],"wp:term":[{"taxonomy":"category","embeddable":true,"href":"https:\/\/vinasfm.com\/noticias\/wp-json\/wp\/v2\/categories?post=148021"},{"taxonomy":"post_tag","embeddable":true,"href":"https:\/\/vinasfm.com\/noticias\/wp-json\/wp\/v2\/tags?post=148021"}],"curies":[{"name":"wp","href":"https:\/\/api.w.org\/{rel}","templated":true}]}}