{"id":147847,"date":"2025-05-07T09:52:18","date_gmt":"2025-05-07T12:52:18","guid":{"rendered":"https:\/\/vinasfm.com\/noticias\/?p=147847"},"modified":"2025-05-07T23:08:27","modified_gmt":"2025-05-08T02:08:27","slug":"pami-vs-traumatologos-las-urgencias-estan-garantizadas-pero-los-acuerdos-son-temporales","status":"publish","type":"post","link":"https:\/\/vinasfm.com\/noticias\/pami-vs-traumatologos-las-urgencias-estan-garantizadas-pero-los-acuerdos-son-temporales\/","title":{"rendered":"PAMI VS TRAUMAT\u00d3LOGOS: LAS URGENCIAS EST\u00c1N GARANTIZADAS, PERO LOS ACUERDOS SON TEMPORALES"},"content":{"rendered":"<h4>Por el momento, el servicio se ha restablecido, pero hay incertidumbre hasta cu\u00e1ndo se brindar\u00e1. En paralelo, desde la obra social nacional no han dado ning\u00fan tipo de respuesta.<\/h4>\n<p>La\u00a0<strong>atenci\u00f3n traumatol\u00f3gica<\/strong>\u00a0para los\u00a0<strong>afiliados de PAMI\u00a0<\/strong>en\u00a0<strong>Mendoza<\/strong>\u00a0atraviesa un momento de tensa calma. Luego de m\u00e1s de un mes de incertidumbre y dificultades para acceder a consultas y tratamientos,\u00a0<strong>la mayor\u00eda de las cl\u00ednicas privadas de la provincia llegaron a un entendimiento econ\u00f3mico<\/strong>\u00a0con los especialistas, a trav\u00e9s de acuerdos parciales.<\/p>\n<p>Inicialmente, fueron tres las cl\u00ednicas que lograron el acuerdo, permitiendo que los especialistas retomaran la atenci\u00f3n. En todos los efectores, los gerenciadores decidieron abonar a los especialistas honorarios por prestaci\u00f3n, teniendo en cuenta los valores que paga\u00a0<strong>OSEP<\/strong>.<\/p>\n<p>En las \u00faltimas horas, a esos centros privados se sumaron tres cl\u00ednicas m\u00e1s con valores similares y a cargo de los due\u00f1os de los efectores. Durante la jornada de este martes, podr\u00eda plegarse otra entidad, con la que las negociaciones estar\u00edan costando m\u00e1s.<\/p>\n<aside class=\"scaip scaip-1 \"><\/aside>\n<p><strong>Estos acuerdos, que son parciales y no definitivos<\/strong>, han posibilitado la reactivaci\u00f3n del servicio de urgencia para los afiliados de PAMI que en su mayor\u00eda est\u00e1n con quebradura en sus caderas, algunos con situaciones graves que requieren, incluso, amputaci\u00f3n y a todo esto se le suma la falta de camas en el sector p\u00fablico.<\/p>\n<h2 id=\"h-alivio-parcial-y-fecha-limite-incierta\" class=\"wp-block-heading\">Alivio parcial y fecha l\u00edmite incierta<\/h2>\n<p>La noticia representa un alivio para los miles de afiliados de\u00a0<strong>PAMI en Mendoza<\/strong>\u00a0que dependen de la atenci\u00f3n traumatol\u00f3gica, especialmente en casos de urgencia. Sin embargo,<strong>\u00a0la tranquilidad podr\u00eda ser ef\u00edmera.<\/strong><\/p>\n<p>Desde las cl\u00ednicas han manifestado que ellos siempre tuvieron la voluntad de alcanzar un entendimiento econ\u00f3mico y justo con los profesionales, pero tambi\u00e9n denunciaron que en medio de las negociaciones hubo \u201c<strong>mucha extorsi\u00f3n<\/strong>\u201d por parte de los\u00a0<strong>traumat\u00f3logos<\/strong>.<\/p>\n<aside class=\"scaip scaip-2 \"><\/aside>\n<p>Si bien los acuerdos garantizan la prestaci\u00f3n del servicio en estos nosocomios no se ha especificado hasta cu\u00e1ndo persistir\u00e1n estas condiciones, ya que es PAMI quien deber\u00eda mejorar los honorarios de los trabajadores y, hasta el momento, el organismo no se ha expedido.<\/p>\n<p>De hecho, el titular de PAMI Mendoza,\u00a0<strong>David Litvinchuk<\/strong>, fue citado por tercera vez consecutiva, por la Comisi\u00f3n de Salud P\u00fablica de la C\u00e1mara de Diputados, para dar explicaciones sobre el conflicto local y\u00a0no se present\u00f3.<\/p>\n<p>Esto deja abierta la posibilidad de que, en el futuro, los\u00a0<strong>traumat\u00f3logos\u00a0<\/strong>vuelvan a suspender la atenci\u00f3n si no se logra un acuerdo econ\u00f3mico que satisfaga a la totalidad del sector.<\/p>\n<aside class=\"scaip scaip-3 \"><\/aside>\n<h2 id=\"h-un-conflicto-con-trasfondo-economico\" class=\"wp-block-heading\">Un conflicto con trasfondo econ\u00f3mico<\/h2>\n<p>La ra\u00edz del conflicto entre los traumat\u00f3logos y PAMI radica en que los pagos actuales son insuficientes y no cubren los costos operativos ni la complejidad de su trabajo, especialmente en un contexto de alta inflaci\u00f3n.<\/p>\n<p><strong>La exigencia de los profesionales es cobrar por prestaci\u00f3n realizada en lugar del pago por c\u00e1pita actual<\/strong>, \u00a0que implica un monto fijo por afiliado sin importar la cantidad de servicios prestados.<\/p>\n<p>La negativa de\u00a0<strong>PAMI\u00a0<\/strong>a equiparar sus valores a los de otras obras sociales, como OSEP, fue el detonante que llev\u00f3 a la renuncia de la atenci\u00f3n por parte de unos 30 traumat\u00f3logos que se desempe\u00f1an en cl\u00ednicas privadas de\u00a0<strong>Mendoza<\/strong>.<\/p>\n","protected":false},"excerpt":{"rendered":"<p>Por el momento, el servicio se ha restablecido, pero hay incertidumbre hasta cu\u00e1ndo se brindar\u00e1. En paralelo, desde la obra social &#8230;<\/p>\n","protected":false},"author":7,"featured_media":147319,"comment_status":"open","ping_status":"open","sticky":false,"template":"","format":"standard","meta":{"footnotes":""},"categories":[5,15],"tags":[],"class_list":["post-147847","post","type-post","status-publish","format-standard","has-post-thumbnail","hentry","category-actualidad","category-salud"],"_links":{"self":[{"href":"https:\/\/vinasfm.com\/noticias\/wp-json\/wp\/v2\/posts\/147847","targetHints":{"allow":["GET"]}}],"collection":[{"href":"https:\/\/vinasfm.com\/noticias\/wp-json\/wp\/v2\/posts"}],"about":[{"href":"https:\/\/vinasfm.com\/noticias\/wp-json\/wp\/v2\/types\/post"}],"author":[{"embeddable":true,"href":"https:\/\/vinasfm.com\/noticias\/wp-json\/wp\/v2\/users\/7"}],"replies":[{"embeddable":true,"href":"https:\/\/vinasfm.com\/noticias\/wp-json\/wp\/v2\/comments?post=147847"}],"version-history":[{"count":1,"href":"https:\/\/vinasfm.com\/noticias\/wp-json\/wp\/v2\/posts\/147847\/revisions"}],"predecessor-version":[{"id":147848,"href":"https:\/\/vinasfm.com\/noticias\/wp-json\/wp\/v2\/posts\/147847\/revisions\/147848"}],"wp:featuredmedia":[{"embeddable":true,"href":"https:\/\/vinasfm.com\/noticias\/wp-json\/wp\/v2\/media\/147319"}],"wp:attachment":[{"href":"https:\/\/vinasfm.com\/noticias\/wp-json\/wp\/v2\/media?parent=147847"}],"wp:term":[{"taxonomy":"category","embeddable":true,"href":"https:\/\/vinasfm.com\/noticias\/wp-json\/wp\/v2\/categories?post=147847"},{"taxonomy":"post_tag","embeddable":true,"href":"https:\/\/vinasfm.com\/noticias\/wp-json\/wp\/v2\/tags?post=147847"}],"curies":[{"name":"wp","href":"https:\/\/api.w.org\/{rel}","templated":true}]}}