{"id":147800,"date":"2025-05-06T10:05:04","date_gmt":"2025-05-06T13:05:04","guid":{"rendered":"https:\/\/vinasfm.com\/noticias\/?p=147800"},"modified":"2025-05-07T09:40:16","modified_gmt":"2025-05-07T12:40:16","slug":"el-gobierno-trabaja-en-un-iva-dividido-entre-nacion-y-las-provincias","status":"publish","type":"post","link":"https:\/\/vinasfm.com\/noticias\/el-gobierno-trabaja-en-un-iva-dividido-entre-nacion-y-las-provincias\/","title":{"rendered":"EL GOBIERNO TRABAJA EN UN IVA DIVIDIDO ENTRE NACI\u00d3N Y LAS PROVINCIAS"},"content":{"rendered":"<h4 class=\"newspack-post-subtitle\"><strong><span style=\"color: #003300;\">Luis Caputo, ministro de Econom\u00eda, dio la precisi\u00f3n este lunes sobre la reforma tributaria que se viene.<\/span><\/strong><\/h4>\n<div class=\"entry-subhead\">\n<div class=\"entry-meta\">\n<p>El ministro de Econom\u00eda,\u00a0<strong>Luis Caputo<\/strong>, confirm\u00f3 que el Gobierno nacional trabaja en una\u00a0<strong>reforma tributaria<\/strong>\u00a0que llevar\u00e1 a la competencia entre las provincias por la al\u00edcuota de<strong>\u00a0IVA<\/strong>\u00a0a cobrar.<\/p>\n<p><em>\u201c<strong>Vamos a dividir el IVA entre Naci\u00f3n y Provincias<\/strong>.\u00a0<strong>Cobrar\u00edamos 9% sobre el 21% que es el IVA y las provincias pondr\u00e1n el suyo<\/strong>\u201d<\/em>, afirm\u00f3 el ministro.<\/p>\n<p>No obstante, advirti\u00f3 que la iniciativa ser\u00e1 enviada al Congreso Nacional cuando lo decidan\u00a0<em><strong>\u201clos tiempos pol\u00edticos\u201d.<\/strong><\/em><\/p>\n<aside class=\"scaip scaip-1    \"><\/aside>\n<p>Asimismo, adelant\u00f3 que la inflaci\u00f3n de abril se ubic\u00f3 por debajo de la de marzo y la situ\u00f3 en torno al 3%.<\/p>\n<p>Respecto de los precios, sostuvo que \u201c<strong><em>por lo que vemos, el proceso de desinflaci\u00f3n contin\u00faa. A nosotros nos da m\u00e1s bajo que marzo<\/em>\u201d y se anim\u00f3 a ubicarla en torno al 3%.<\/strong><\/p>\n<p>En un programa de streaming, el\u00a0 ministro destac\u00f3 que\u00a0<strong><em>\u201cno nos focalizamos en el corto plazo. La inflaci\u00f3n va a colapsar, es un proceso que va a pasar inexorablemente. Est\u00e1 en nosotros en explicar y que se entienda que estamos en otra Argentina\u201d.<\/em><\/strong><\/p>\n<aside class=\"scaip scaip-2    \"><\/aside>\n<p>Caputo reconoci\u00f3 que <strong>\u201c<em>Argentina est\u00e1 m\u00e1s cara en d\u00f3lares con relaci\u00f3n a la Argentina que nos dejaron\u201d<\/em><\/strong>\u00a0y a\u00f1adi\u00f3 que\u00a0<strong>\u201c<em>un pa\u00eds caro en d\u00f3lares es un pa\u00eds al que le va muy mal.\u00a0Buscamos que un asalariado cobre un buen salario en d\u00f3lares. Si me comparas los precios con lo que era hace un a\u00f1o, estamos caros\u201d.<\/em><\/strong><\/p>\n<p>No obstante, reconoci\u00f3 que hay sectores como la indumentaria y el calzado que a\u00fan mantienen altos precios porque\u00a0<strong><em>\u201cla gente los convalida y aun la competencia no lleg\u00f3 a entrar porque es un proceso que tarda\u201d.<\/em><\/strong><\/p>\n<\/div>\n<\/div>\n","protected":false},"excerpt":{"rendered":"<p>Luis Caputo, ministro de Econom\u00eda, dio la precisi\u00f3n este lunes sobre la reforma tributaria que se viene. El ministro de Econom\u00eda,\u00a0Luis &#8230;<\/p>\n","protected":false},"author":7,"featured_media":147801,"comment_status":"open","ping_status":"open","sticky":false,"template":"","format":"standard","meta":{"footnotes":""},"categories":[16,77],"tags":[],"class_list":["post-147800","post","type-post","status-publish","format-standard","has-post-thumbnail","hentry","category-economia","category-gobierno"],"_links":{"self":[{"href":"https:\/\/vinasfm.com\/noticias\/wp-json\/wp\/v2\/posts\/147800","targetHints":{"allow":["GET"]}}],"collection":[{"href":"https:\/\/vinasfm.com\/noticias\/wp-json\/wp\/v2\/posts"}],"about":[{"href":"https:\/\/vinasfm.com\/noticias\/wp-json\/wp\/v2\/types\/post"}],"author":[{"embeddable":true,"href":"https:\/\/vinasfm.com\/noticias\/wp-json\/wp\/v2\/users\/7"}],"replies":[{"embeddable":true,"href":"https:\/\/vinasfm.com\/noticias\/wp-json\/wp\/v2\/comments?post=147800"}],"version-history":[{"count":1,"href":"https:\/\/vinasfm.com\/noticias\/wp-json\/wp\/v2\/posts\/147800\/revisions"}],"predecessor-version":[{"id":147802,"href":"https:\/\/vinasfm.com\/noticias\/wp-json\/wp\/v2\/posts\/147800\/revisions\/147802"}],"wp:featuredmedia":[{"embeddable":true,"href":"https:\/\/vinasfm.com\/noticias\/wp-json\/wp\/v2\/media\/147801"}],"wp:attachment":[{"href":"https:\/\/vinasfm.com\/noticias\/wp-json\/wp\/v2\/media?parent=147800"}],"wp:term":[{"taxonomy":"category","embeddable":true,"href":"https:\/\/vinasfm.com\/noticias\/wp-json\/wp\/v2\/categories?post=147800"},{"taxonomy":"post_tag","embeddable":true,"href":"https:\/\/vinasfm.com\/noticias\/wp-json\/wp\/v2\/tags?post=147800"}],"curies":[{"name":"wp","href":"https:\/\/api.w.org\/{rel}","templated":true}]}}