{"id":147792,"date":"2025-05-06T09:56:10","date_gmt":"2025-05-06T12:56:10","guid":{"rendered":"https:\/\/vinasfm.com\/noticias\/?p=147792"},"modified":"2025-05-07T09:41:35","modified_gmt":"2025-05-07T12:41:35","slug":"vilches-destaco-la-hazana-del-atleta-no-vidente-walter-alvarez-en-el-aconcagua","status":"publish","type":"post","link":"https:\/\/vinasfm.com\/noticias\/vilches-destaco-la-hazana-del-atleta-no-vidente-walter-alvarez-en-el-aconcagua\/","title":{"rendered":"VILCHES DESTAC\u00d3 LA HAZA\u00d1A DEL ATLETA NO VIDENTE WALTER \u00c1LVAREZ EN EL ACONCAGUA"},"content":{"rendered":"<h4 data-start=\"185\" data-end=\"347\"><span style=\"color: #003300;\"><strong>El diputado Jos\u00e9 Manuel Vilches present\u00f3 una Resoluci\u00f3n que declara de inter\u00e9s el hist\u00f3rico desaf\u00edo deportivo del alvearense, s\u00edmbolo de superaci\u00f3n e inclusi\u00f3n.<\/strong><\/span><\/h4>\n<p class=\"\" data-start=\"349\" data-end=\"724\">La <strong>C\u00e1mara de Diputados de Mendoza<\/strong> aprob\u00f3 una Resoluci\u00f3n que declara de inter\u00e9s legislativo la notable gesta del atleta alvearense <span style=\"color: #003366;\"><strong>Walter \u00c1lvarez<\/strong><\/span>, quien <strong>el pasado 24 de diciembre de 2024 emprendi\u00f3 la desafiante escalada del cerro Aconcagua con el objetivo de convertirse en el primer deportista no vidente de Latinoam\u00e9rica en alcanzar la cima de la cumbre m\u00e1s alta de Am\u00e9rica.<\/strong><\/p>\n<p class=\"\" data-start=\"726\" data-end=\"1357\">El impulsor de la iniciativa, el <span style=\"color: #003366;\"><strong>diputado Jos\u00e9 Manuel Vilches<\/strong><\/span>, ponder\u00f3 la labor y el esfuerzo del deportista, subrayando el orgullo que representa su figura para la provincia y para las personas con discapacidad. <strong><em>\u201cReconocemos un hito que marc\u00f3 un atleta alvearense no vidente, Walter \u00c1lvarez, que intent\u00f3 ser el primer ciego de Latinoam\u00e9rica en escalar el cerro Aconcagua. Lo hizo con un esfuerzo grand\u00edsimo, ya que no contaba con los recursos econ\u00f3micos necesarios y necesit\u00f3 el acompa\u00f1amiento de todo un equipo que lo acompa\u00f1\u00f3 hasta los 6.700 metros sobre el nivel del mar\u201d<\/em><\/strong>, expres\u00f3 Vilches durante su intervenci\u00f3n en el recinto.<\/p>\n<p data-start=\"726\" data-end=\"1357\"><img decoding=\"async\" src=\"https:\/\/scontent.fmdz5-1.fna.fbcdn.net\/v\/t39.30808-6\/481481476_964089982517046_2085036761926705042_n.jpg?stp=dst-jpg_p600x600_tt6&amp;_nc_cat=106&amp;ccb=1-7&amp;_nc_sid=833d8c&amp;_nc_ohc=gSp_WuhV3agQ7kNvwFpiDj7&amp;_nc_oc=AdngedTMBhqATzKNSM9pTryO7HY4JpT3MgzrO7tJIOfRdVExXfPy5siFC_JLz1ZhMgU&amp;_nc_zt=23&amp;_nc_ht=scontent.fmdz5-1.fna&amp;_nc_gid=d7Qo2GIVYIFz8zETnedbFA&amp;oh=00_AfIoyVOQ_mu2aT14tq7aQH95Jl-IlvaXKGqlBtSJLS_r-Q&amp;oe=681FD7D2\" alt=\"No hay ninguna descripci\u00f3n de la foto disponible.\" \/><\/p>\n<p class=\"\" data-start=\"1359\" data-end=\"1839\">A pesar de no haber podido concretar la cima, debido a las dif\u00edciles condiciones y por una decisi\u00f3n consensuada con su equipo, \u00c1lvarez alcanz\u00f3 una altitud extraordinaria y dej\u00f3 un testimonio inspirador de coraje y perseverancia. <em><strong>\u201cSu sue\u00f1o de hacer cumbre en el Aconcagua es un objetivo que no lo abandona, y creo que todos los mendocinos, pero especialmente todas las personas con alguna discapacidad, tenemos que estar muy orgullosos de lo que hizo Walter\u201d<\/strong><\/em>, agreg\u00f3 el legislador.<\/p>\n<p class=\"\" data-start=\"1841\" data-end=\"2191\">Vilches, adem\u00e1s, destac\u00f3 la trayectoria de \u00c1lvarez como atleta de alto rendimiento, acostumbrado a competir y representar a Mendoza y a la Argentina en diversos escenarios. <strong><em>\u201cTengo el orgullo de ser su compa\u00f1ero de trabajo en el Poder Judicial y no quer\u00eda dejar de visibilizar el esfuerzo y el coraje que \u00e9l puso para lograr esto que logr\u00f3\u201d<\/em><\/strong>, concluy\u00f3.<\/p>\n<p class=\"\" data-start=\"2193\" data-end=\"2386\">Con esta declaraci\u00f3n, la Legislatura no solo reconoce el desaf\u00edo deportivo de \u00c1lvarez, sino que tambi\u00e9n pone en valor la inclusi\u00f3n y la capacidad de superaci\u00f3n de las personas con discapacidad.<\/p>\n","protected":false},"excerpt":{"rendered":"<p>El diputado Jos\u00e9 Manuel Vilches present\u00f3 una Resoluci\u00f3n que declara de inter\u00e9s el hist\u00f3rico desaf\u00edo deportivo del alvearense, s\u00edmbolo de superaci\u00f3n &#8230;<\/p>\n","protected":false},"author":7,"featured_media":147794,"comment_status":"open","ping_status":"open","sticky":false,"template":"","format":"standard","meta":{"footnotes":""},"categories":[3,43],"tags":[],"class_list":["post-147792","post","type-post","status-publish","format-standard","has-post-thumbnail","hentry","category-deportes","category-legislatura"],"_links":{"self":[{"href":"https:\/\/vinasfm.com\/noticias\/wp-json\/wp\/v2\/posts\/147792","targetHints":{"allow":["GET"]}}],"collection":[{"href":"https:\/\/vinasfm.com\/noticias\/wp-json\/wp\/v2\/posts"}],"about":[{"href":"https:\/\/vinasfm.com\/noticias\/wp-json\/wp\/v2\/types\/post"}],"author":[{"embeddable":true,"href":"https:\/\/vinasfm.com\/noticias\/wp-json\/wp\/v2\/users\/7"}],"replies":[{"embeddable":true,"href":"https:\/\/vinasfm.com\/noticias\/wp-json\/wp\/v2\/comments?post=147792"}],"version-history":[{"count":1,"href":"https:\/\/vinasfm.com\/noticias\/wp-json\/wp\/v2\/posts\/147792\/revisions"}],"predecessor-version":[{"id":147796,"href":"https:\/\/vinasfm.com\/noticias\/wp-json\/wp\/v2\/posts\/147792\/revisions\/147796"}],"wp:featuredmedia":[{"embeddable":true,"href":"https:\/\/vinasfm.com\/noticias\/wp-json\/wp\/v2\/media\/147794"}],"wp:attachment":[{"href":"https:\/\/vinasfm.com\/noticias\/wp-json\/wp\/v2\/media?parent=147792"}],"wp:term":[{"taxonomy":"category","embeddable":true,"href":"https:\/\/vinasfm.com\/noticias\/wp-json\/wp\/v2\/categories?post=147792"},{"taxonomy":"post_tag","embeddable":true,"href":"https:\/\/vinasfm.com\/noticias\/wp-json\/wp\/v2\/tags?post=147792"}],"curies":[{"name":"wp","href":"https:\/\/api.w.org\/{rel}","templated":true}]}}