{"id":147781,"date":"2025-05-05T10:33:14","date_gmt":"2025-05-05T13:33:14","guid":{"rendered":"https:\/\/vinasfm.com\/noticias\/?p=147781"},"modified":"2025-05-06T09:59:00","modified_gmt":"2025-05-06T12:59:00","slug":"supuesto-intento-de-rapto-en-barrio-1-de-mayo-resulto-ser-una-broma-de-mal-gusto","status":"publish","type":"post","link":"https:\/\/vinasfm.com\/noticias\/supuesto-intento-de-rapto-en-barrio-1-de-mayo-resulto-ser-una-broma-de-mal-gusto\/","title":{"rendered":"SUPUESTO INTENTO DE RAPTO EN BARRIO 1\u00b0 DE MAYO RESULT\u00d3 SER UNA BROMA DE MAL GUSTO"},"content":{"rendered":"<h4 data-start=\"154\" data-end=\"671\"><strong><span style=\"color: #003300;\">Una situaci\u00f3n que gener\u00f3 alarma y preocupaci\u00f3n entre los vecinos en la nohe del domingo, en el Barrio 1\u00b0 de Mayo tuvo un inesperado desenlace.<\/span><\/strong><\/h4>\n<p class=\"\" data-start=\"154\" data-end=\"671\">Seg\u00fan se logr\u00f3 conocer, un grupo de ni\u00f1os que jugaba en la v\u00eda p\u00fablica fue abordado por una camioneta con cinco ocupantes \u2014tres de ellos encapuchados y dos sin capucha\u2014 quienes intentaron atraer a los menores ofreci\u00e9ndoles caramelos con la aparente intenci\u00f3n de hacerlos subir al veh\u00edculo.<\/p>\n<p class=\"\" data-start=\"673\" data-end=\"1027\"><strong>Uno de los ni\u00f1os rechaz\u00f3 la oferta y advirti\u00f3 a sus amigos para que no se acercaran<\/strong>. Los otros ni\u00f1os, de entre 8 y 9 a\u00f1os, tambi\u00e9n se alejaron r\u00e1pidamente. Inmediatamente despu\u00e9s de la negativa, <strong>los ocupantes de la camioneta huyeron del lugar a toda velocidad, lo que gener\u00f3 un fuerte clima de inseguridad entre los padres y vecinos.<\/strong><\/p>\n<p class=\"\" data-start=\"1029\" data-end=\"1268\">Tras el incidente, <strong>los familiares de los ni\u00f1os contactaron a la polic\u00eda, quienes realizaron patrullajes en la zona. Im\u00e1genes de c\u00e1maras de seguridad confirmaron el relato de los menores, mostrando la camioneta y la secuencia de los hechos.<\/strong><\/p>\n<h2 data-start=\"1270\" data-end=\"1643\">UNA BROMA DE MAL GUSTO<\/h2>\n<p class=\"\" data-start=\"1270\" data-end=\"1643\">Horas despu\u00e9s, se logr\u00f3 identificar al propietario del veh\u00edculo. Seg\u00fan trascendi\u00f3, se trataba de un grupo de j\u00f3venes mayores de 20 a\u00f1os que protagonizaron lo que definieron como una <strong>\u00abbroma de mal gusto\u00bb<\/strong>. Fueron los propios familiares de estos j\u00f3venes quienes,<strong> al reconocer la camioneta tras ver la noticia, alertaron a las autoridades.<\/strong><\/p>\n<p class=\"\" data-start=\"1645\" data-end=\"1951\"><strong>Aunque el hecho no pas\u00f3 a mayores, la comunidad permanece en alerta<\/strong>. Los vecinos expresaron su preocupaci\u00f3n por la inseguridad y la necesidad de reforzar la vigilancia en la zona para evitar este tipo de situaciones que, aunque en este caso no fue un intento real de rapto, gener\u00f3 temor entre las familias.<\/p>\n","protected":false},"excerpt":{"rendered":"<p>Una situaci\u00f3n que gener\u00f3 alarma y preocupaci\u00f3n entre los vecinos en la nohe del domingo, en el Barrio 1\u00b0 de Mayo &#8230;<\/p>\n","protected":false},"author":7,"featured_media":147782,"comment_status":"open","ping_status":"open","sticky":false,"template":"","format":"standard","meta":{"footnotes":""},"categories":[10,70],"tags":[],"class_list":["post-147781","post","type-post","status-publish","format-standard","has-post-thumbnail","hentry","category-destacadas","category-insolito"],"_links":{"self":[{"href":"https:\/\/vinasfm.com\/noticias\/wp-json\/wp\/v2\/posts\/147781","targetHints":{"allow":["GET"]}}],"collection":[{"href":"https:\/\/vinasfm.com\/noticias\/wp-json\/wp\/v2\/posts"}],"about":[{"href":"https:\/\/vinasfm.com\/noticias\/wp-json\/wp\/v2\/types\/post"}],"author":[{"embeddable":true,"href":"https:\/\/vinasfm.com\/noticias\/wp-json\/wp\/v2\/users\/7"}],"replies":[{"embeddable":true,"href":"https:\/\/vinasfm.com\/noticias\/wp-json\/wp\/v2\/comments?post=147781"}],"version-history":[{"count":1,"href":"https:\/\/vinasfm.com\/noticias\/wp-json\/wp\/v2\/posts\/147781\/revisions"}],"predecessor-version":[{"id":147783,"href":"https:\/\/vinasfm.com\/noticias\/wp-json\/wp\/v2\/posts\/147781\/revisions\/147783"}],"wp:featuredmedia":[{"embeddable":true,"href":"https:\/\/vinasfm.com\/noticias\/wp-json\/wp\/v2\/media\/147782"}],"wp:attachment":[{"href":"https:\/\/vinasfm.com\/noticias\/wp-json\/wp\/v2\/media?parent=147781"}],"wp:term":[{"taxonomy":"category","embeddable":true,"href":"https:\/\/vinasfm.com\/noticias\/wp-json\/wp\/v2\/categories?post=147781"},{"taxonomy":"post_tag","embeddable":true,"href":"https:\/\/vinasfm.com\/noticias\/wp-json\/wp\/v2\/tags?post=147781"}],"curies":[{"name":"wp","href":"https:\/\/api.w.org\/{rel}","templated":true}]}}